{"id":8744,"count":0,"description":"Rudolf Geyer osztr\u00e1k grafikus \u00e9s fest\u0151m\u0171v\u00e9sz 1884. janu\u00e1r 24-\u00e9n sz\u00fcletett B\u00e9csben \u00e9s 1972. j\u00fanius 3-\u00e1n halt meg.\n\nGeyer 1904 \u00e9s 1909 k\u00f6z\u00f6tt a b\u00e9csi Iparm\u0171v\u00e9szeti Iskol\u00e1ban v\u00e9gezte tanulm\u00e1nyait, majd 1909 \u00e9s 1913 k\u00f6z\u00f6tt a b\u00e9csi K\u00e9pz\u0151m\u0171v\u00e9szeti Akad\u00e9mi\u00e1n folytatta tanulm\u00e1nyait Franz Rumpler mellett. M\u00e1r 1906-ban Geyer bet\u0171t\u00edpusterveit tan\u00e1ra, Rudolf von Larisch adta ki. Az \u00d6sterreichischer Werkbund tagjak\u00e9nt k\u00fcl\u00f6nb\u00f6z\u0151 kiad\u00f3k sz\u00e1m\u00e1ra k\u00f6nyvtervez\u00e9ssel foglalkozott. A Wiener Werkst\u00e4tte sz\u00e1m\u00e1ra is tervezett kereskedelmi grafik\u00e1kat.\n\n1934-ben csatlakozott az illeg\u00e1lis NSDAP-hoz \u00e9s az SA-hoz, \u00e9s 1938. j\u00fanius 3-\u00e1n hivatalosan is k\u00e9rte felv\u00e9tel\u00e9t a p\u00e1rtba, amivel visszamen\u0151leg ugyanezen \u00e9v m\u00e1jus 1-j\u00e9re vett\u00e9k fel (tags\u00e1gi sz\u00e1ma 6.336.115). Rudolf Geyert a b\u00e9csi k\u00f6zponti temet\u0151ben temett\u00e9k el.","link":"https:\/\/collection.galerie-gerdes.com\/hu\/c\/muveszek\/rudolf-geyer-hu\/","name":"Rudolf Geyer","slug":"rudolf-geyer-hu","taxonomy":"product_cat","parent":1861,"meta":[],"_links":{"self":[{"href":"https:\/\/collection.galerie-gerdes.com\/hu\/wp-json\/wp\/v2\/product_cat\/8744","targetHints":{"allow":["GET"]}}],"collection":[{"href":"https:\/\/collection.galerie-gerdes.com\/hu\/wp-json\/wp\/v2\/product_cat"}],"about":[{"href":"https:\/\/collection.galerie-gerdes.com\/hu\/wp-json\/wp\/v2\/taxonomies\/product_cat"}],"up":[{"embeddable":true,"href":"https:\/\/collection.galerie-gerdes.com\/hu\/wp-json\/wp\/v2\/product_cat\/1861"}],"wp:post_type":[{"href":"https:\/\/collection.galerie-gerdes.com\/hu\/wp-json\/wp\/v2\/product?product_cat=8744"}],"curies":[{"name":"wp","href":"https:\/\/api.w.org\/{rel}","templated":true}]}}