{"id":9113,"count":0,"description":"Paul Hildenbrand (1904 - 1971) n\u00e9met fest\u0151 volt, akinek m\u0171vei sz\u00e1mos st\u00edlust \u00e9s technik\u00e1t fel\u00f6lelnek.\n\nHildenbrand m\u0171v\u00e9szi tev\u00e9kenys\u00e9g\u00e9t olyan neves m\u0171v\u00e9szekn\u00e9l kezdte, mint Otto Pankok, Hermann Gradl \u00e9s Heinrich von Z\u00fcgel. Eg\u00e9sz \u00e9let\u00e9ben h\u0171 maradt az alkot\u00f3i folyamathoz, \u00e9s 1929-t\u0151l 1971-ben bek\u00f6vetkezett hal\u00e1l\u00e1ig Reichenbach an der Filsben tal\u00e1lta meg m\u0171v\u00e9szi visszavonults\u00e1g\u00e1t.\n\nA \u201esv\u00e1b Alb fest\u0151jek\u00e9nt\u201d ismert Hildenbrand k\u00fcl\u00f6n\u00f6sen naturalista olajk\u00e9peir\u0151l \u00e9s akvarelljeir\u0151l volt h\u00edres. M\u0171v\u00e9szi k\u00edv\u00e1ncsis\u00e1ga azonban nem ismert hat\u00e1rokat, \u00e9s absztrakt grafik\u00e1kat, \u00fcvegfestm\u00e9nyeket \u00e9s fresk\u00f3kat is k\u00e9sz\u00edtett.\n\nT\u00e9m\u00e1inak soksz\u00edn\u0171s\u00e9ge t\u00fckr\u00f6z\u0151d\u00f6tt m\u0171veiben - a t\u00e1jk\u00e9pekt\u0151l az \u00e1llatokon \u00e1t a csend\u00e9letig. Olajjal festett t\u00e1jk\u00e9pei az impresszionizmus er\u0151s hat\u00e1s\u00e1r\u00f3l tan\u00faskodnak, m\u00edg az 1960-as \u00e9vekben id\u0151nk\u00e9nt az expresszionista \u00e9s sz\u00fcrrealista st\u00edlus fel\u00e9 fordult.\n\nAz eur\u00f3pai \u00e9s amerikai tanulm\u00e1nyutak sz\u00e9les\u00edtett\u00e9k m\u0171v\u00e9szi l\u00e1t\u00f3k\u00f6r\u00e9t, \u00e9s nemzetk\u00f6zi elismerts\u00e9get szereztek neki. M\u0171veit neves gal\u00e9ri\u00e1kban \u00e9s ki\u00e1ll\u00edt\u00e1sokon mutatt\u00e1k be N\u00e9metorsz\u00e1gban, Monac\u00f3ban \u00e9s az Egyes\u00fclt \u00c1llamokban.\n\nPaul Hildenbrand nemcsak gazdag m\u0171v\u00e9szi \u00f6r\u00f6ks\u00e9get hagyott h\u00e1tra, hanem posztumusz azzal is tisztelegtek el\u0151tte, hogy az Esslingen-Berkheimben tal\u00e1lhat\u00f3 Bismarckstrasse-t Hildenbrandstrasse-ra nevezt\u00e9k \u00e1t. A m\u0171v\u00e9szeti vil\u00e1gra gyakorolt hat\u00e1sa a mai napig k\u00e9zzelfoghat\u00f3.","link":"https:\/\/collection.galerie-gerdes.com\/hu\/c\/muveszek\/paul-hildenbrand-hu\/","name":"Paul Hildenbrand","slug":"paul-hildenbrand-hu","taxonomy":"product_cat","parent":1861,"meta":[],"_links":{"self":[{"href":"https:\/\/collection.galerie-gerdes.com\/hu\/wp-json\/wp\/v2\/product_cat\/9113","targetHints":{"allow":["GET"]}}],"collection":[{"href":"https:\/\/collection.galerie-gerdes.com\/hu\/wp-json\/wp\/v2\/product_cat"}],"about":[{"href":"https:\/\/collection.galerie-gerdes.com\/hu\/wp-json\/wp\/v2\/taxonomies\/product_cat"}],"up":[{"embeddable":true,"href":"https:\/\/collection.galerie-gerdes.com\/hu\/wp-json\/wp\/v2\/product_cat\/1861"}],"wp:post_type":[{"href":"https:\/\/collection.galerie-gerdes.com\/hu\/wp-json\/wp\/v2\/product?product_cat=9113"}],"curies":[{"name":"wp","href":"https:\/\/api.w.org\/{rel}","templated":true}]}}