{"id":9425,"count":0,"description":"Marius Woulfart (1905-1991), aki 1905-ben sz\u00fcletett P\u00e1rizsban, sokoldal\u00fa m\u0171v\u00e9sz, aki fest\u0151k\u00e9nt, metsz\u0151k\u00e9nt, litogr\u00e1fusk\u00e9nt, illusztr\u00e1tork\u00e9nt \u00e9s sz\u00ednh\u00e1zi tervez\u0151k\u00e9nt dolgozott. Gy\u00f6kerei orosz-zsid\u00f3 sz\u00e1rmaz\u00e1s\u00faak, m\u0171v\u00e9szi \u00f6r\u00f6ks\u00e9ge leny\u0171g\u00f6z\u0151.\n\nM\u0171v\u00e9szi szenved\u00e9lye a csal\u00e1dj\u00e1ban kezd\u0151d\u00f6tt, k\u00fcl\u00f6n\u00f6sen \u00e9desapj\u00e1n\u00e1l, Max Wulfartn\u00e1l, aki 1876-ban sz\u00fcletett az oroszorsz\u00e1gi Frauenburgban. Max az odesszai K\u00e9pz\u0151m\u0171v\u00e9szeti Akad\u00e9mi\u00e1n v\u00e9gzett, \u00e9s fest\u0151k\u00e9nt szerzett mag\u00e1nak nevet a c\u00e1ri Oroszorsz\u00e1gban. 1903-ban P\u00e1rizsba k\u00f6lt\u00f6z\u00f6tt, hogy k\u00f6vesse a Belle \u00c9poque m\u0171v\u00e9szeti l\u00fcktet\u00e9s\u00e9t. M\u00e1sodik fia, Marius ott sz\u00fcletett 1905-ben, k\u00e9t \u00e9vvel azut\u00e1n, hogy a csal\u00e1d Franciaorsz\u00e1gba \u00e9rkezett.\n\nA Wulfart csal\u00e1d t\u00f6rt\u00e9nete olyan, mint sok m\u00e1s\u00e9, akiknek cirill bet\u0171s nev\u00e9t pontatlanul \u00edrt\u00e1k \u00e1t, amikor Franciaorsz\u00e1gba emigr\u00e1ltak. Max Wulfart \u00fagy d\u00f6nt\u00f6tt, hogy megtartja csal\u00e1dja helyes nev\u00e9t, \u00edgy Marius helyesen Wulfart \u00e9s nem Wulfart nevet kapott. 1927-ben az eg\u00e9sz csal\u00e1dot honos\u00edtott\u00e1k, \u00e9s megkapt\u00e1k a francia \u00e1llampolg\u00e1rs\u00e1got.\n\nMax Wulfart a null\u00e1r\u00f3l kezdte Franciaorsz\u00e1gban, \u00e9s a p\u00e1rizsi Nemzeti K\u00e9pz\u0151m\u0171v\u00e9szeti Iskola \u00f3r\u00e1ira j\u00e1rt. M\u0171veit rendszeresen ki\u00e1ll\u00edtott\u00e1k a p\u00e1rizsi szalonokban, \u00e9s m\u00e9g a Becs\u00fclet L\u00e9gi\u00f3j\u00e1val is kit\u00fcntett\u00e9k.\n\nMarius szoros kapcsolatot \u00e9rzett apj\u00e1val, \u00e9s leny\u0171g\u00f6zte apja m\u0171v\u00e9szi kifejez\u0151k\u00e9pess\u00e9ge. Elhat\u00e1rozta, hogy fest\u0151 lesz, hogy tov\u00e1bbfejlessze apja l\u00e1t\u00e1sm\u00f3dj\u00e1t, \u00e9s k\u00f6zvetlen\u00fcl apja m\u0171hely\u00e9ben kapta meg a k\u00e9pz\u00e9st.\n\nMarius Woulfart m\u0171v\u00e9szi p\u00e1lyafut\u00e1sa f\u0151k\u00e9nt D\u00e9l-Franciaorsz\u00e1gban zajlott. M\u0171term\u00e9t el\u0151sz\u00f6r Cannes-ban, majd Grasse-ban alap\u00edtotta, de m\u0171vei sz\u00e9les k\u00f6z\u00f6ns\u00e9gre tal\u00e1ltak Franciaorsz\u00e1g-szerte \u00e9s olyan nemzetk\u00f6zi helysz\u00edneken, mint Anglia, Kanada \u00e9s Florida.\n\nM\u0171v\u00e9szi jelenl\u00e9te j\u00f3l l\u00e1that\u00f3 volt P\u00e1rizsban, hiszen rendszeresen ki\u00e1ll\u00edtott a Salon d'Automne-on, \u00e9s olyan neves gal\u00e9ri\u00e1kban volt egy\u00e9ni ki\u00e1ll\u00edt\u00e1sa, mint a Galerie du Vieux Colombier, a Galerie des Champs Elys\u00e9es \u00e9s a Galerie Georges V. M\u0171vei a p\u00e1rizsi Modern M\u0171v\u00e9szetek M\u00fazeum\u00e1nak gy\u0171jtem\u00e9ny\u00e9ben is megtal\u00e1lhat\u00f3k.\n\nMarius k\u00fcl\u00f6n\u00f6sen D\u00e9l-Franciaorsz\u00e1gban tal\u00e1lt h\u0171s\u00e9ges k\u00f6vet\u0151re. M\u0171veit sz\u00edvesen mutatta be a r\u00e9gi\u00f3 meleg f\u00e9ny\u00e9ben, \u00e9s rendszeresen r\u00e9szt vett a mentoni bienn\u00e1l\u00e9n. Az olyan v\u00e1rosokban, mint Nizza, Grasse, Bordeaux, Antibes \u00e9s Cannes rendezett egy\u00e9ni ki\u00e1ll\u00edt\u00e1sai mindig nagy visszhangot v\u00e1ltottak ki. M\u00e9g a monac\u00f3i hercegi csal\u00e1d, k\u00f6zt\u00fck Florence Gould is a gy\u0171jt\u0151i k\u00f6z\u00e9 tartozott.\n\nMarius Woulfart st\u00edlus\u00e1t k\u00f6lt\u00e9szet hatja \u00e1t, kompoz\u00edci\u00f3i mindig gondosan \u00e1tgondoltak, hogy harm\u00f3ni\u00e1t \u00e9s nyugalmat fejezzenek ki. Sz\u00e9les \u00e9s mer\u00e9sz ecsetvon\u00e1sai \u00e9s gazdag k\u00e9pi nyelve ellen\u00e9re m\u0171v\u00e9szete szil\u00e1rdan a korban r\u00f6gz\u00fclt \u00e9s ugyanakkor id\u0151tlen marad. Grasse-ban halt meg 1991-ben.","link":"https:\/\/collection.galerie-gerdes.com\/hu\/c\/muveszek\/marius-woulfart-hu\/","name":"Marius Woulfart","slug":"marius-woulfart-hu","taxonomy":"product_cat","parent":1861,"meta":[],"_links":{"self":[{"href":"https:\/\/collection.galerie-gerdes.com\/hu\/wp-json\/wp\/v2\/product_cat\/9425","targetHints":{"allow":["GET"]}}],"collection":[{"href":"https:\/\/collection.galerie-gerdes.com\/hu\/wp-json\/wp\/v2\/product_cat"}],"about":[{"href":"https:\/\/collection.galerie-gerdes.com\/hu\/wp-json\/wp\/v2\/taxonomies\/product_cat"}],"up":[{"embeddable":true,"href":"https:\/\/collection.galerie-gerdes.com\/hu\/wp-json\/wp\/v2\/product_cat\/1861"}],"wp:post_type":[{"href":"https:\/\/collection.galerie-gerdes.com\/hu\/wp-json\/wp\/v2\/product?product_cat=9425"}],"curies":[{"name":"wp","href":"https:\/\/api.w.org\/{rel}","templated":true}]}}