{"id":9545,"count":0,"description":"Louis Toncini francia fest\u0151m\u0171v\u00e9sz, 1907. november 30-\u00e1n sz\u00fcletett Marseille-ben \u00e9s 2002. december 27-\u00e9n halt meg.\n\nLouis Toncini a marseille-i \u00c9cole des beaux-arts hallgat\u00f3ja volt, ahol el\u0151sz\u00f6r szobr\u00e1szatot, majd fest\u00e9szetet tanult. 1928-ban a marseille-i Cours Pierre-Puget-en tal\u00e1lhat\u00f3 Guibert gal\u00e9ri\u00e1ban \u00e9s m\u0171v\u00e9szeti k\u00f6nyvesboltban \u00e1ll\u00edtott ki. Nem sokkal k\u00e9s\u0151bb r\u00e9szt vett a fiatal marseille-i fest\u0151k mozgalm\u00e1ban, \u00e9s 1931-ben Leon Cadenellel, Antoine Serr\u00e1val, Jean Tognettivel \u00e9s Fran\u00e7ois Dian\u00e1val egy\u00fctt megalap\u00edtotta a prolet\u00e1rfest\u0151k csoportj\u00e1t, amelyet k\u00e9s\u0151bb N\u00e9pi fest\u0151k n\u00e9ven ismertek. A munka vil\u00e1g\u00e1t festette, \u00e9s v\u00e1rosi t\u00e9m\u00e1kkal foglalkozott: Gy\u00e1rak, p\u00e1lyaudvarok, kik\u00f6t\u0151k stb.\n\nD\u00edsz\u00edt\u0151fest\u0151k\u00e9nt is dolgozott, amelyre sz\u00e1mos \u00e9p\u00edt\u00e9sz kapott megb\u00edz\u00e1st. 1936-ban r\u00e9szt vett (Antoine Serra, Fran\u00e7ois Diana \u00e9s Leon Cadenel t\u00e1rsas\u00e1g\u00e1ban) a tartom\u00e1ny els\u0151 kult\u00farh\u00e1z\u00e1nak l\u00e9trehoz\u00e1s\u00e1ban, amelyet Louis Aragon, Andr\u00e9 Malraux \u00e9s Jean Giono t\u00e1mogatott.\n\nA felszabadul\u00e1s ut\u00e1n optimista jelleme fel\u00fclkerekedett: csend\u00e9leteket, vir\u00e1gcsokrokat \u00e9s t\u00e1jk\u00e9peket festett. A P\u00e9ano fest\u0151i k\u00f6z\u00f6tt az egyik legjelent\u0151sebb figur\u00e1v\u00e1 v\u00e1lt. Miut\u00e1n h\u00e1zat v\u00e1s\u00e1rolt a Hautes-Alpes-ben, a Durance partjait, hegyeket, falvakat stb. is megfestette.","link":"https:\/\/collection.galerie-gerdes.com\/hu\/c\/muveszek\/louis-toncini-hu\/","name":"Louis Toncini","slug":"louis-toncini-hu","taxonomy":"product_cat","parent":1861,"meta":[],"_links":{"self":[{"href":"https:\/\/collection.galerie-gerdes.com\/hu\/wp-json\/wp\/v2\/product_cat\/9545","targetHints":{"allow":["GET"]}}],"collection":[{"href":"https:\/\/collection.galerie-gerdes.com\/hu\/wp-json\/wp\/v2\/product_cat"}],"about":[{"href":"https:\/\/collection.galerie-gerdes.com\/hu\/wp-json\/wp\/v2\/taxonomies\/product_cat"}],"up":[{"embeddable":true,"href":"https:\/\/collection.galerie-gerdes.com\/hu\/wp-json\/wp\/v2\/product_cat\/1861"}],"wp:post_type":[{"href":"https:\/\/collection.galerie-gerdes.com\/hu\/wp-json\/wp\/v2\/product?product_cat=9545"}],"curies":[{"name":"wp","href":"https:\/\/api.w.org\/{rel}","templated":true}]}}