{"id":9784,"count":0,"description":"Josef Anton Engelhart 1864. augusztus 19-\u00e9n sz\u00fcletett B\u00e9csben, \u00e9s ugyanebben a v\u00e1rosban halt meg 1941. december 19-\u00e9n. Osztr\u00e1k fest\u0151 \u00e9s szobr\u00e1sz volt, aki 1900 k\u00f6r\u00fcl fontos szerepet j\u00e1tszott a b\u00e9csi m\u0171v\u00e9szeti \u00e9letben. A b\u00e9csi szecesszi\u00f3 egyik alap\u00edt\u00f3ja volt.\n\nJosef Engelhart m\u0171v\u00e9szcsal\u00e1db\u00f3l sz\u00e1rmazott. Sz\u00fclei Josef Anton Engelhart (1838-1900) m\u00e9sz\u00e1ros \u00e9s Maria Apfelthaler (1842-1933) voltak. Erdbergben n\u0151tt fel, \u00e9s el\u0151sz\u00f6r a Radetzkystra\u00dfe-i Oberrealschule-ba j\u00e1rt, majd a b\u00e9csi K\u00e9pz\u0151m\u0171v\u00e9szeti Akad\u00e9mi\u00e1n, k\u00e9s\u0151bb pedig a m\u00fcncheni K\u00e9pz\u0151m\u0171v\u00e9szeti Akad\u00e9mi\u00e1n tanult. Itt olyan neves tan\u00e1rok tan\u00edtott\u00e1k, mint Gabriel von Hackl, Johann Caspar Herterich \u00e9s Ludwig L\u00f6fftz.\n\nMiut\u00e1n 1887-ben visszat\u00e9rt B\u00e9csbe, Engelhart csatlakozott a Hagengesellschaft m\u0171v\u00e9szegyes\u00fclethez, majd a Genossenschaft bildender K\u00fcnstler Wiens tagja lett. M\u0171veit el\u0151sz\u00f6r 1888-ban \u00e1ll\u00edtott\u00e1k ki B\u00e9csben. K\u00e9s\u0151bb P\u00e1rizsba \u00e9s Spanyolorsz\u00e1gba utazott, miel\u0151tt v\u00e9g\u00fcl B\u00e9csben telepedett le.\n\nEngelhart fontos k\u00e9pvisel\u0151je volt a b\u00e9csi szecesszi\u00f3nak, a b\u00e9csi K\u00fcnstlerhaus konzervat\u00edv ir\u00e1nyzat\u00e1t\u00f3l elszakadt mozgalomnak. Egy ideig m\u00e9g az egyes\u00fclet eln\u00f6ki tiszt\u00e9t is bet\u00f6lt\u00f6tte. Intenz\u00edv utaz\u00e1si tev\u00e9kenys\u00e9ge \u00e9s szervez\u0151k\u00e9szs\u00e9ge jelent\u0151sen hozz\u00e1j\u00e1rult a Szecesszi\u00f3 siker\u00e9hez.\n\nM\u0171v\u00e9szk\u00e9nt Engelhart mindenekel\u0151tt az emberek \u00e1br\u00e1zol\u00e1s\u00e1nak szentelte mag\u00e1t m\u0171veiben, legyen sz\u00f3 aktokr\u00f3l, portr\u00e9kr\u00f3l vagy t\u00e1rsadalmi jelenetekr\u0151l. Fest\u00e9szet\u00e9re a francia impresszionizmus hatott, ami k\u00fcl\u00f6n\u00f6sen a sz\u00ednek \u00e9s a f\u00e9ny kezel\u00e9s\u00e9ben mutatkozik meg.\n\nAz els\u0151 vil\u00e1gh\u00e1bor\u00fa kit\u00f6r\u00e9se ut\u00e1n Engelhart akt\u00edvan r\u00e9szt vett a sebes\u00fcltek megseg\u00edt\u00e9s\u00e9ben, \u00e9s \u00f6nk\u00e9ntesk\u00e9nt a frontra ment h\u00e1bor\u00fas fest\u0151k\u00e9nt. Ebb\u0151l az id\u0151szakb\u00f3l sz\u00e1rmaz\u00f3 m\u0171vei a h\u00e1bor\u00fa szenved\u00e9s\u00e9t \u00e9s nyomor\u00fas\u00e1g\u00e1t t\u00fckr\u00f6zik.\n\nKor\u00e1bbi h\u00edrneve ellen\u00e9re Engelhart hal\u00e1la ut\u00e1n egyre ink\u00e1bb feled\u00e9sbe mer\u00fclt. Csak az ut\u00f3bbi \u00e9vekben fedezt\u00e9k fel \u00fajra munk\u00e1ss\u00e1g\u00e1t, \u00e9s ism\u00e9t nagyobb figyelmet kap. L\u00e1nya, Elisabeth feles\u00e9g\u00fcl ment Robert von Neumann-Ettenreich fizikushoz \u00e9s feltal\u00e1l\u00f3hoz, akit 1919 ut\u00e1n Robert Ettenreich n\u00e9ven ismertek.","link":"https:\/\/collection.galerie-gerdes.com\/hu\/c\/muveszek\/josef-engelhart-hu\/","name":"Josef Engelhart","slug":"josef-engelhart-hu","taxonomy":"product_cat","parent":1861,"meta":[],"_links":{"self":[{"href":"https:\/\/collection.galerie-gerdes.com\/hu\/wp-json\/wp\/v2\/product_cat\/9784","targetHints":{"allow":["GET"]}}],"collection":[{"href":"https:\/\/collection.galerie-gerdes.com\/hu\/wp-json\/wp\/v2\/product_cat"}],"about":[{"href":"https:\/\/collection.galerie-gerdes.com\/hu\/wp-json\/wp\/v2\/taxonomies\/product_cat"}],"up":[{"embeddable":true,"href":"https:\/\/collection.galerie-gerdes.com\/hu\/wp-json\/wp\/v2\/product_cat\/1861"}],"wp:post_type":[{"href":"https:\/\/collection.galerie-gerdes.com\/hu\/wp-json\/wp\/v2\/product?product_cat=9784"}],"curies":[{"name":"wp","href":"https:\/\/api.w.org\/{rel}","templated":true}]}}