{"id":6711,"count":0,"description":"Hans von Aachen (1552 - 4 marzo 1615), noto anche come Johann von Aachen o Jan van Achen, \u00e8 stato un rinomato pittore tedesco con una carriera internazionale come artista itinerante di successo e pittore di corte.\n\nNato a Colonia il 1\u00b0 novembre 1913, Hans von Aachen si trasfer\u00ec presto in varie regioni, tra cui l'Italia, la Baviera e infine Praga, dove trascorse gran parte della sua vita e del suo lavoro. Il suo repertorio comprendeva un'ampia gamma di opere, tra cui numerosi ritratti e dipinti allegorici, mitologici e religiosi, integrati da una grande quantit\u00e0 di incisioni e disegni.\n\nSecondo le testimonianze del pittore e scrittore Karel van Mander, Hans von Aachen dimostr\u00f2 fin da piccolo un talento eccezionale per il disegno. La sua formazione inizi\u00f2 a Colonia, sua citt\u00e0 natale, presso uno sconosciuto pittore di Anversa, dove conobbe le tradizioni della pittura fiamminga.\n\nGi\u00e0 nel 1574 von Aachen lasci\u00f2 la sua citt\u00e0 natale per l'Italia. Qui trov\u00f2 inizialmente lavoro a Venezia ed entr\u00f2 a far parte della comunit\u00e0 di artisti e mercanti del Nord Europa. In seguito si trasfer\u00ec a Roma, dove affin\u00f2 le sue capacit\u00e0 artistiche e svilupp\u00f2 il proprio stile interagendo con altri artisti come Bartolomeo Spranger e Hans Speckaert. Sebbene molte delle sue opere di questo periodo siano andate perdute, i disegni sopravvissuti testimoniano il suo lavoro.\n\nIn Italia, von Aachen stabilisce un'ampia rete di contatti con altri artisti, mercanti e clienti. La sua reputazione crebbe e ricevette importanti commissioni, tra cui un ingaggio alla corte del Granduca di Toscana Francesco I de' Medici nel 1585. Questo periodo plasm\u00f2 il suo stile artistico, che mostrava una miscela di influenze del nord e del sud dell'Europa.\n\nIntorno al 1588, Hans torn\u00f2 da Aquisgrana in Germania e si stabil\u00ec a Monaco, dove lavor\u00f2 per la famiglia del duca Guglielmo V di Baviera. Successivamente si trasfer\u00ec a Praga, dove fu nominato pittore di camera dall'imperatore Rodolfo II nel 1592. Questa nomina port\u00f2 a von Aachen non solo un riconoscimento artistico, ma anche un avanzamento sociale.\n\nA Praga Hans von Aachen raggiunse l'apice della sua carriera. Cre\u00f2 un gran numero di opere, tra cui ritratti, dipinti religiosi e soggetti allegorici e mitologici, destinati principalmente alle collezioni imperiali. Le sue opere erano caratterizzate da una ricchezza di dettagli e da colori pastello e venivano dipinte su vari materiali come legno, tela, rame, alabastro e marmo.\n\nDopo la morte dell'imperatore Rodolfo II nel 1612, von Aachen continu\u00f2 a lavorare alla corte del fratello e successore Mattia. Mor\u00ec a Praga il 4 marzo 1615, lasciando un'importante eredit\u00e0 artistica.\n\nNel XIX secolo l'opera di Hans von Aachen \u00e8 stata spesso messa in discussione e attribuita ad altri artisti. Solo di recente il suo lavoro ha ricevuto il riconoscimento che merita, in particolare grazie a mostre come \u201cPraga intorno al 1600 - Arte alla corte di Rodolfo II\u201d e \u201cRodolfo II e Praga - La corte e la citt\u00e0\u201d, che hanno presentato il suo lavoro nel contesto della cultura di corte di Rodolfo.\n\nNel 2010\/11 \u00e8 stata organizzata la prima mostra completa delle opere di Hans von Aachen in Europa, che ha fornito una nuova prospettiva sulla sua opera.","link":"https:\/\/collection.galerie-gerdes.com\/it\/c\/artisti\/hans-von-aachen-it\/","name":"Hans von Aachen","slug":"hans-von-aachen-it","taxonomy":"product_cat","parent":1871,"meta":[],"_links":{"self":[{"href":"https:\/\/collection.galerie-gerdes.com\/it\/wp-json\/wp\/v2\/product_cat\/6711","targetHints":{"allow":["GET"]}}],"collection":[{"href":"https:\/\/collection.galerie-gerdes.com\/it\/wp-json\/wp\/v2\/product_cat"}],"about":[{"href":"https:\/\/collection.galerie-gerdes.com\/it\/wp-json\/wp\/v2\/taxonomies\/product_cat"}],"up":[{"embeddable":true,"href":"https:\/\/collection.galerie-gerdes.com\/it\/wp-json\/wp\/v2\/product_cat\/1871"}],"wp:post_type":[{"href":"https:\/\/collection.galerie-gerdes.com\/it\/wp-json\/wp\/v2\/product?product_cat=6711"}],"curies":[{"name":"wp","href":"https:\/\/api.w.org\/{rel}","templated":true}]}}