{"id":5362,"count":0,"description":"Fritzas Hassas (1902 m. baland\u017eio 12 d. Miunchene - 1994 m. Miunchene) - vokie\u010di\u0173 tapytojas. Jis buvo laikomas paskutiniuoju Miuncheno tapybos mokyklos impresionistu.\n\nFritzas Hassas buvo to paties vardo Miuncheno dailininko ir karikat\u016bristo Fritzo Hasso s\u016bnus, pas kur\u012f gavo pirm\u0105j\u0105 menin\u0119 patirt\u012f. Nuo 1920 m. baland\u017eio 27 d. studijavo Miuncheno dail\u0117s akademijoje. Ten buvo akademijos profesoriaus Hermanno Groeberio mokinys. Studij\u0173 kelion\u0117s j\u012f nuved\u0117 \u012f Nyderlandus, Anglij\u0105, Pranc\u016bzij\u0105, \u0160veicarij\u0105, Austrij\u0105 ir Italij\u0105. V\u0117liau apsigyveno Miunchene, kur \u012fsik\u016br\u0117 didel\u0117je studijoje Schraudolphstrasse, kuri buvo sunaikinta per Miuncheno oro antskryd\u017eius. Po Antrojo pasaulinio karo gyveno ir dirbo Landsberge prie Lecho ir \u0160veicarijoje. \u012e Miunchen\u0105 gr\u012f\u017eo 1970 m. Dailininkas aktyviai dirbo iki pat mirties, sulauk\u0119s garbaus 92 met\u0173 am\u017eiaus. I\u0161 prad\u017ei\u0173 Fritzas Hassas i\u0161gars\u0117jo kaip portretistas. Be kita ko, jis nutap\u0117 Pr\u016bsijos princo ir princes\u0117s Valdemaro ir Alberto \u0160veicerio portretus. V\u0117liau jo k\u016brybos d\u0117mesio centre atsid\u016br\u0117 peiza\u017ein\u0117 tapyba. Jo m\u0117gstamiausi objektai buvo Bavarijos, \u0160veicarijos ir Austrijos kalnai, taip pat Chiemsee e\u017eero apylink\u0117s ir Dachauer Moos. V\u0117lesn\u0117je k\u016bryboje jis atsid\u0117jo g\u0117li\u0173 tapybai. Jo paveikslams b\u016bdingas impresionistinis lengvumas ir jautrus spalv\u0173 poj\u016btis.","link":"https:\/\/collection.galerie-gerdes.com\/lt\/c\/menininkai\/fritz-hass-jaunesnysis\/","name":"Fritz Hass (jaunesnysis)","slug":"fritz-hass-jaunesnysis","taxonomy":"product_cat","parent":1864,"meta":[],"_links":{"self":[{"href":"https:\/\/collection.galerie-gerdes.com\/lt\/wp-json\/wp\/v2\/product_cat\/5362","targetHints":{"allow":["GET"]}}],"collection":[{"href":"https:\/\/collection.galerie-gerdes.com\/lt\/wp-json\/wp\/v2\/product_cat"}],"about":[{"href":"https:\/\/collection.galerie-gerdes.com\/lt\/wp-json\/wp\/v2\/taxonomies\/product_cat"}],"up":[{"embeddable":true,"href":"https:\/\/collection.galerie-gerdes.com\/lt\/wp-json\/wp\/v2\/product_cat\/1864"}],"wp:post_type":[{"href":"https:\/\/collection.galerie-gerdes.com\/lt\/wp-json\/wp\/v2\/product?product_cat=5362"}],"curies":[{"name":"wp","href":"https:\/\/api.w.org\/{rel}","templated":true}]}}