{"id":5760,"count":0,"description":"Augustas Geraschas vyresnysis (1822 m. Viena (Braunhirschen) - 1908 m. Viena) - peiza\u017e\u0173 ir \u017eanr\u0173 tapytojas, Franzo Gerascho brolis. Studijavo Dail\u0117s akademijoje.","link":"https:\/\/collection.galerie-gerdes.com\/lt\/c\/menininkai\/august-gerasch-lt\/","name":"August Gerasch","slug":"august-gerasch-lt","taxonomy":"product_cat","parent":1864,"meta":[],"_links":{"self":[{"href":"https:\/\/collection.galerie-gerdes.com\/lt\/wp-json\/wp\/v2\/product_cat\/5760","targetHints":{"allow":["GET"]}}],"collection":[{"href":"https:\/\/collection.galerie-gerdes.com\/lt\/wp-json\/wp\/v2\/product_cat"}],"about":[{"href":"https:\/\/collection.galerie-gerdes.com\/lt\/wp-json\/wp\/v2\/taxonomies\/product_cat"}],"up":[{"embeddable":true,"href":"https:\/\/collection.galerie-gerdes.com\/lt\/wp-json\/wp\/v2\/product_cat\/1864"}],"wp:post_type":[{"href":"https:\/\/collection.galerie-gerdes.com\/lt\/wp-json\/wp\/v2\/product?product_cat=5760"}],"curies":[{"name":"wp","href":"https:\/\/api.w.org\/{rel}","templated":true}]}}