{"id":5996,"count":0,"description":"Fran\u00e7ois Clouet, dar \u017einomas kaip Fran\u00e7ois Janet, gim\u0117 1510 m. T\u016bre ir mir\u0117 1572 m. rugs\u0117jo 22 d. Pary\u017eiuje. Jis buvo pranc\u016bz\u0173 tapytojas.\nClouet t\u0117vas, oland\u0173 dailininkas Jeanas Clouet, i\u0161 prad\u017ei\u0173 apsigyveno T\u016bre, o v\u0117liau Pary\u017eiuje. D\u0117l savo vardo Jeanas jis taip pat buvo \u017einomas kaip Janet (i\u0161 tikr\u0173j\u0173 Jehannet). Toks jo vardo vartojimas suk\u0117l\u0117 painiavos, nes jo s\u016bnus taip pat kartais ne\u0161iojo \u017danet pavard\u0119.\n1541 m. Fran\u00e7ois Clouet buvo suteikta Pranc\u016bzijos pilietyb\u0117 ir jis dirbo karali\u0173 Pranci\u0161kaus I, Henriko II ir Karolio IX dvaro dailininku.\nClouet paveiksluose ai\u0161kiai matyti jo olandi\u0161kos kilm\u0117s \u012ftaka. Jie smulkiai i\u0161dirbti, da\u017enai juose vyrauja sidabri\u0161kai pilkas tonas, d\u0117l kurio k\u016bno modeliavimas atrodo kiek plok\u0161\u010dias. Lyginant su Holbeinu, kuriam kai kurie jo darbai buvo klaidingai priskiriami, jis nepasiekia to paties lygio. Clouet priskiriamas antrajai Fontenblo mokyklai.\nVienas svarbiausi\u0173 jo darb\u0173 - nat\u016bralaus dyd\u017eio Karolio IX portretas Vienos Belvederyje. Pary\u017eiaus Luvre taip pat saugomi Karolio IX ir El\u017ebietos Austrijos portretai. Hovardo pilyje galima rasti 88 Pranc\u016bzijos dvaro nari\u0173 portret\u0173, pie\u0161t\u0173 juoda ir raudona kreida, kolekcij\u0105.\nGerai \u017einomas Clouet darbas yra paveikslas \u201eDama vonioje\u201c, kuris i\u0161 prad\u017ei\u0173 buvo \u012fvardytas kaip Dianos de Puatj\u0117 atvaizdas, ta\u010diau veikiausiai primena Karolio IX meilu\u017e\u0119 Marie Touchet. Jam priskiriama ir daugyb\u0117 pie\u0161ini\u0173, daugiausia saugom\u0173 Cond\u00e9 muziejuje.","link":"https:\/\/collection.galerie-gerdes.com\/lt\/c\/menininkai\/francois-clouet-lt\/","name":"Francois Clouet","slug":"francois-clouet-lt","taxonomy":"product_cat","parent":1864,"meta":[],"_links":{"self":[{"href":"https:\/\/collection.galerie-gerdes.com\/lt\/wp-json\/wp\/v2\/product_cat\/5996","targetHints":{"allow":["GET"]}}],"collection":[{"href":"https:\/\/collection.galerie-gerdes.com\/lt\/wp-json\/wp\/v2\/product_cat"}],"about":[{"href":"https:\/\/collection.galerie-gerdes.com\/lt\/wp-json\/wp\/v2\/taxonomies\/product_cat"}],"up":[{"embeddable":true,"href":"https:\/\/collection.galerie-gerdes.com\/lt\/wp-json\/wp\/v2\/product_cat\/1864"}],"wp:post_type":[{"href":"https:\/\/collection.galerie-gerdes.com\/lt\/wp-json\/wp\/v2\/product?product_cat=5996"}],"curies":[{"name":"wp","href":"https:\/\/api.w.org\/{rel}","templated":true}]}}