{"id":6066,"count":0,"description":"Prof. Franzas Schickeris gim\u0117 1915 m. Voklabruke arba Regau ir mir\u0117 2010 m. vasario 18 d. Jis gyveno \u012fvair\u0173 menin\u012f gyvenim\u0105 Austrijoje kaip tapytojas, pie\u0161\u0117jas, meno pedagogas ir meno tarpininkas. Po Antrojo pasaulinio karo 1946 m. aktyviai dalyvavo atkuriant Salzkammerguto dailinink\u0173 gildij\u0105. Ilg\u0105 laik\u0105 (1955-1978 m.) \u0117jo pirmininko pareigas, o 1980 m. jam buvo suteiktas garb\u0117s prezidento vardas.\n\nI\u0161 Rutzenmooso kil\u0119s dailininkas 1936-1942 m. studijavo tapyb\u0105 Vienos dail\u0117s akademijoje, kur mok\u0117si pas Lardin\u0105. Kaip kubizmo \u012ftak\u0105 turintis realistas, jis tapo \u017eymiu modernizmo pradininku Salzkammergute. \u0160iame regione jis d\u0117st\u0117 keliose mokyklose ir suk\u016br\u0117 daugyb\u0119 da\u017enai monumentali\u0173 u\u017esakom\u0173j\u0173 darb\u0173, kuriais galima gro\u017e\u0117tis vie\u0161osiose erdv\u0117se.\n\nVadovaudamas Salzkammerguto dailinink\u0173 gildijai, jis reng\u0117 kilnojam\u0105sias gildijos nari\u0173 parodas Salzkammergute ir koordinavo main\u0173 parodas su Austrijos ir Bavarijos meno asociacijomis. Vienas i\u0161 svarbiausi\u0173 jo pasiekim\u0173 buvo reik\u0161mingas dalyvavimas renovuojant istorin\u012f Kammerhofo pastat\u0105 Gmundene, po kurio atsirado nuolatin\u0117 Kammhofo galerija, tapusi cecho parod\u0173 vieta.\n\nTuo metu Gmundene taip pat buvo \u012fkurta spaustuv\u0117, kuri tarnavo kaip darbo vieta, mokymo centras ir meninink\u0173 susitikim\u0173 vieta. Be veiklos dailinink\u0173 gildijoje, Schickeris buvo Auk\u0161tutin\u0117s Austrijos dail\u0117s asociacijos ir Auk\u0161tutin\u0117s Austrijos vizuali\u0173j\u0173 men\u0173 profesional\u0173 asociacijos narys.","link":"https:\/\/collection.galerie-gerdes.com\/lt\/c\/menininkai\/franz-schicker-lt\/","name":"Franz Schicker","slug":"franz-schicker-lt","taxonomy":"product_cat","parent":1864,"meta":[],"_links":{"self":[{"href":"https:\/\/collection.galerie-gerdes.com\/lt\/wp-json\/wp\/v2\/product_cat\/6066","targetHints":{"allow":["GET"]}}],"collection":[{"href":"https:\/\/collection.galerie-gerdes.com\/lt\/wp-json\/wp\/v2\/product_cat"}],"about":[{"href":"https:\/\/collection.galerie-gerdes.com\/lt\/wp-json\/wp\/v2\/taxonomies\/product_cat"}],"up":[{"embeddable":true,"href":"https:\/\/collection.galerie-gerdes.com\/lt\/wp-json\/wp\/v2\/product_cat\/1864"}],"wp:post_type":[{"href":"https:\/\/collection.galerie-gerdes.com\/lt\/wp-json\/wp\/v2\/product?product_cat=6066"}],"curies":[{"name":"wp","href":"https:\/\/api.w.org\/{rel}","templated":true}]}}