{"id":6272,"count":0,"description":"Gottfriedas Trittenas, u\u017eaug\u0119s Berno Oberlande, 1939-1943 m. mok\u0117si Burgdorfo gimnazijoje. V\u0117liau 1943-1948 m. mok\u0117si Bazelio taikomosios dail\u0117s mokykloje pas Georg\u0105 Schmidt\u0105 ir Walter\u012f Bodmer\u012f, kur \u012fgijo pie\u0161imo mokytojo diplom\u0105. 1948-1951 m. t\u0119s\u0117 studijas Bazelio ir Berno universitetuose, specializavosi meno istorijos, filosofijos ir psichologijos srityse.\n\n1950-1970 m. dirbdamas d\u0117stytoju Tiun\u0117s mokytoj\u0173 kolegijoje, jis prad\u0117jo savo menin\u012f tobul\u0117jim\u0105, kuriam didel\u0119 \u012ftak\u0105 dar\u0117 kra\u0161tovaizd\u017eio atradimai ir kelion\u0117s \u012f u\u017esien\u012f. Ypa\u010d svarbios buvo trys kelion\u0117s \u012f Marok\u0105 1951-1957 m. ir kelion\u0117 \u012f Graikij\u0105 1959 m.\n\n1955 m. jis persik\u0117l\u0117 \u012f Oberhofen\u0105 prie Tiunerz\u0117s (Oberhofen am Thunersee), o 1958 m. i\u0161leido savo pirm\u0105j\u012f meno pedagogikos leidin\u012f. Pirm\u0105sias parodas u\u017esienyje prad\u0117jo rengti nuo 1967 m. Pary\u017eiuje, Breste ir Lione, o 1970 m. - Lisabonoje ir \u012fvairiuose JAV miestuose. 1970 m. jis taip pat susipa\u017eino su Marku Tobey.\n\n1968 m. jis sta\u017eavosi JAV ir Kanadoje, kur susipa\u017eino su svarbiais veiksmo tapybos ir poparto menininkais, tokiais kaip Richardas Diebenkornas ir Andy Warholas. 1968-1984 m. d\u0117st\u0117 Berno universiteto Centre de Formation du Corps enseignant secondaire.\n\n1974 m. T\u016bno meno muziejuje buvo surengta jo darb\u0173 retrospektyva, o 1977 m. jis persik\u0117l\u0117 \u012f Grimisuat\u0105 Val\u0117 mieste.\n\n1992 ir 1993 m. Helsinkio meno muziejuje surengta dar viena jo darb\u0173 retrospektyva. Kitos personalin\u0117s parodos buvo surengtos 1987 m. Siono kantono dail\u0117s muziejuje (Mus\u00e9e cantonal des Beaux-Arts), 2003 m. Louis Moret fonde (Fondation Louis Moret) Martigny mieste ir 2009 m. Gianadda fonde (Fondation Gianadda) Martigny mieste.\n\nVis\u0105 gyvenim\u0105 Trittenas r\u016bpinosi \u0161iuolaikinio meno propagavimu ir 1957 m. \u012fk\u016br\u0117 klub\u0105 \u201eClub 57\u201c, o 1985 m. - \u201eBiz'Art\u201c. Jo pasiekimai buvo \u012fvertinti \u012fvairiomis stipendijomis ir kult\u016bros premijomis, \u012fskaitant 1953 m. \u0160veicarijos federalin\u0119 taikomosios dail\u0117s stipendij\u0105 ir 1986 m. T\u016bno kult\u016bros premij\u0105. 1985 m. jam taip pat suteiktas Berno universiteto garb\u0117s daktaro vardas.\n\nGottfriedas Trittenas laikomas vienu i\u0161 labiausiai gerbiam\u0173 \u0161veicar\u0173 meno tarpininkavimo ir edukacijos pradinink\u0173, savo gyvenime i\u0161gyvenusi\u0173 du svarbius etapus: pedagogikos ir tapybos. Ankstyvojoje jo k\u016bryboje dominavo \u017emogaus santykio su kra\u0161tovaizd\u017eiu tema. Prad\u0117jo nuo fig\u016brini\u0173 paveiksl\u0173 su ry\u0161kiais judesio elementais, pavyzd\u017eiui, peiza\u017e\u0173, gyv\u016bn\u0173 ir fig\u016br\u0173. 1954-1957 m. trumpam pasuko geometrin\u0117s abstrakcijos keliu. Nuo 1958 iki 1967 m., paveiktas abstraktaus ekspresionizmo, palaipsniui per\u0117jo prie gesti\u0161kos, lyrin\u0117s abstrakcijos, pasi\u017eymin\u010dios didele k\u016brybine laisve, pavyzd\u017eiui, 1965 m. k\u016brinyje \u201eEgina\u201c.\n\nTrittenas tyrin\u0117jo linij\u0173 ir spalv\u0173 erdvin\u012f poveik\u012f, i\u0161 prad\u017ei\u0173 tapydamas nespalvotus, o v\u0117liau monochrominius paveikslus. Nuo 1969 m. \u012f savo paveikslus ir reljefus jis prad\u0117jo integruoti kei\u010diamus elementus, kurie atv\u0117r\u0117 naujus \u017evilgsnius \u012f daiktus. Nuo 1973 iki 1978 m. jis k\u016br\u0117 paveiksl\u0173 ciklus, tokius kaip \u201eVeneros gimimas\u201c, o nuo 1977 iki 1986 m. - \u201eKalnas - \u017emogus - paveikslas\u201c. Nuo 7-ojo de\u0161imtme\u010dio laisv\u0105 ritmin\u012f dizain\u0105 jis suprie\u0161ino su geometriniais elementais ir taip pasiek\u0117 tapybini\u0173 priemoni\u0173 - tapybos, kolia\u017eo, dekola\u017eo, pie\u0161inio ir ypa\u010d ra\u0161to - sintez\u0119, kaip cikle \u201eM\u0117lynasis kalnas. Pagarba H\u00f6lderlinui\u201c 1978-1982 m.\n\nV\u0117lesniais metais Trittenas \u0117m\u0117si ir kit\u0173 technik\u0173, pavyzd\u017eiui, veidrodini\u0173 reljef\u0173, instaliacij\u0173 ir vitra\u017e\u0173. De\u0161imtajame de\u0161imtmetyje jis intensyviai tyrin\u0117jo \u017eenkl\u0173 ir atskir\u0173 spalv\u0173 prigimt\u012f darb\u0173 serijose. Savo gili\u0105 pasaul\u0117\u017ei\u016br\u0105, kuriai \u012ftakos tur\u0117jo daoizmo filosofija, jis i\u0161rei\u0161k\u0117 tokiuose darbuose kaip \u201eRamyb\u0117 ir jud\u0117jimas. Hommage to Tao\u201c 1991-1992 m. ir \u201aHommage au Bleu\u2018 1994 m.","link":"https:\/\/collection.galerie-gerdes.com\/lt\/c\/menininkai\/gottfried-tritten-lt\/","name":"Gottfried Tritten","slug":"gottfried-tritten-lt","taxonomy":"product_cat","parent":1864,"meta":[],"_links":{"self":[{"href":"https:\/\/collection.galerie-gerdes.com\/lt\/wp-json\/wp\/v2\/product_cat\/6272","targetHints":{"allow":["GET"]}}],"collection":[{"href":"https:\/\/collection.galerie-gerdes.com\/lt\/wp-json\/wp\/v2\/product_cat"}],"about":[{"href":"https:\/\/collection.galerie-gerdes.com\/lt\/wp-json\/wp\/v2\/taxonomies\/product_cat"}],"up":[{"embeddable":true,"href":"https:\/\/collection.galerie-gerdes.com\/lt\/wp-json\/wp\/v2\/product_cat\/1864"}],"wp:post_type":[{"href":"https:\/\/collection.galerie-gerdes.com\/lt\/wp-json\/wp\/v2\/product?product_cat=6272"}],"curies":[{"name":"wp","href":"https:\/\/api.w.org\/{rel}","templated":true}]}}