{"id":7705,"count":0,"description":"Mi\u0161elis Vagneris gim\u0117 1893 m. gruod\u017eio 20 d. Muschenried\/Oberpfalz ir mir\u0117 1965 m. gruod\u017eio 3 d. Miunchene. Jis buvo vokie\u010di\u0173 tapytojas ir skulptorius, \u017einomas kaip Juryfreie Kunstausstellung ir Neue Gruppe narys, laikomas prarastosios kartos nariu.\n\nB\u016bdamas \u016bkinink\u0173 poros Georgo ir Barbaros Wagneri\u0173 s\u016bnus, jis u\u017eaugo kaimo aplinkoje, kuri v\u0117liau da\u017enai atsirasdavo kaip motyvas jo darbuose. B\u016bdamas 15 met\u0173, jis paliko t\u0117v\u0173 \u016bk\u012f ir prad\u0117jo kep\u0117jo praktik\u0105 Miunchene. Ten jis taip pat prad\u0117jo kurti pirmuosius pie\u0161inius ir kelet\u0105 j\u0173 nusiunt\u0117 Franzui von Defreggeriui, kuris \u012f juos padr\u0105sinamai atsiliep\u0117. 1910 m. Vagneris p\u0117s\u010diomis i\u0161 Miuncheno i\u0161keliavo \u012f Hamburg\u0105, kur \u012fsipra\u0161\u0117 \u012f krovinin\u012f laiv\u0105. Prasid\u0117jus Pirmajam pasauliniam karui, jis \u012fstojo \u012f karin\u012f j\u016br\u0173 laivyn\u0105.\n\nPo karo, 1921 m., Vagneris nusprend\u0117 t\u0119sti gyvenim\u0105 su menu. Jis toliau tobulino savo savamokslio \u012fg\u016bd\u017eius, tapdamas Loviso Korinto ir Stanislovo St\u00fcckgoldo mokiniu. Jau 1923 m. jis eksponavo savo darbus kasmetin\u0117je meno parodoje Miuncheno \u201eGlaspalast\u201c. Po to, 1923-1924 m., jis vyko \u012f pa\u017eintin\u0119 kelion\u0119 \u012f Brazilij\u0105, apie kuri\u0105 ra\u0161\u0117 laikra\u0161tis \u201eK\u00f6lnische Volkszeitung\u201c. Gr\u012f\u017e\u0119s ved\u0117 dailinink\u0119 Else S\u00e4ulen ir apsigyveno Hohensch\u00e4ftlarne netoli Miuncheno.\n\nXX a. tre\u010diajame de\u0161imtmetyje Vagneris ypa\u010d aktyviai dalyvavo parodose, ta\u010diau tai staiga nutr\u016bko \u012f vald\u017ei\u0105 at\u0117jus nacionalsocialistams. Po karo jis dalyvavo pirmojoje moderniosios tapybos parodoje Bavarijoje \u201eDabarties tapytojai\u201c, surengtoje Augsburgo Schaezlerpalais. Iki 1949 m. jo darbai buvo eksponuojami visose Vakar\u0173 okupacin\u0117se zonose. V\u0117lesniais metais jis dalyvavo \u012fvairiose grupin\u0117se parodose Vokietijoje ir u\u017esienyje.\n\n1952 m. Vagneris su \u017emona persik\u0117l\u0117 gyventi \u012f Miunchen\u0105, kur mir\u0117 pra\u0117jus metams po jos mirties. Savo nam\u0105 Hohensch\u00e4ftlarn mieste jis u\u017era\u0161\u0117 Vokie\u010di\u0173 dailinink\u0173 s\u0105jungai (Deutsche K\u00fcnstlerhilfe).\n\nVagneris buvo pagerbtas pomirtiniu paveikslu \u201eSeilt\u00e4nzer\u201c specialioje parodoje \u201eDrei Jahrzehnte Neue Gruppe\u201c, surengtoje Gro\u00dfe Kunstausstellung M\u00fcnchen.\n\nJo darbai buvo pristatyti daugyb\u0117je parod\u0173, tarp j\u0173 Miuncheno \u201eGlaspalast\u201c, Br\u0117meno \u201eKunsthalle\u201c, Berlyno \u201eSecession\u201c ir Miuncheno \u201eSt\u00e4dtische Galerie\u201c. Jo darb\u0173 taip pat yra vie\u0161ose kolekcijose, pavyzd\u017eiui, Bayerische Staatssammlung, St\u00e4dtische Galerie im Lenbachhaus, Galerie Neue Meister Drezdene ir muziejuje Ri\u010dmonde, Vird\u017einijos valstijoje.","link":"https:\/\/collection.galerie-gerdes.com\/lt\/c\/menininkai\/michel-wagner-lt\/","name":"Michel Wagner","slug":"michel-wagner-lt","taxonomy":"product_cat","parent":1864,"meta":[],"_links":{"self":[{"href":"https:\/\/collection.galerie-gerdes.com\/lt\/wp-json\/wp\/v2\/product_cat\/7705","targetHints":{"allow":["GET"]}}],"collection":[{"href":"https:\/\/collection.galerie-gerdes.com\/lt\/wp-json\/wp\/v2\/product_cat"}],"about":[{"href":"https:\/\/collection.galerie-gerdes.com\/lt\/wp-json\/wp\/v2\/taxonomies\/product_cat"}],"up":[{"embeddable":true,"href":"https:\/\/collection.galerie-gerdes.com\/lt\/wp-json\/wp\/v2\/product_cat\/1864"}],"wp:post_type":[{"href":"https:\/\/collection.galerie-gerdes.com\/lt\/wp-json\/wp\/v2\/product?product_cat=7705"}],"curies":[{"name":"wp","href":"https:\/\/api.w.org\/{rel}","templated":true}]}}