{"id":8615,"count":0,"description":"Rudolfas Zenderis, gim\u0119s 1901 m. bir\u017eelio 27 d. Riuti (\u0160veicarija), mir\u0119s 1988 m. lapkri\u010dio 24 d. Vintert\u016bre, tikroji pavard\u0117 Rudolf Zehnder, buvo garsus \u0161veicar\u0173 dailininkas, laikomas svarbiu \u0161veicar\u0173 tapybos atstovu ir i\u0161kiliausiu XX a. Vintert\u016bro tapytoju.\n\nR. Zehnderio prot\u0117viai buvo \u017eemdirbiai, o jo t\u0117vas paliko \u017eemdirbyst\u0117s tradicijas ir dirbo gimnazijos mokytoju. \u0160eimos pavard\u0117 Zehnder yra susijusi su viduram\u017ei\u0173 \u201ede\u0161imtin\u0117s\u201c mokes\u010di\u0173 sistema. Jo motinos linija vald\u0117 siuvin\u0117jimo fabrik\u0105 Teufene (Teufen, Apencelis), kur motina dirbo siuvin\u0117jimo mokytoja.\n\nRudolfas Zenderis gim\u0117 Ciuricho Oberlande, o ankstyv\u0105j\u0105 vaikyst\u0119 su trimis seserimis praleido Fegsvilyje-Rutyje, kur jo t\u0117vas dirbo mokytoju. 1908 m. \u0161eima persik\u0117l\u0117 \u012f Vintertur\u0105, kur Rudolfas lank\u0117 mokykl\u0105, o v\u0117liau tapo student\u0173 brolijos \u201eVitodurania\u201c nariu. Pirm\u0105 kart\u0105 su menu jis susid\u016br\u0117 per savo bendramoksl\u0119 ir jos t\u0117v\u0173 Arthuro ir Hedy Hahnloser-B\u00fchleri\u0173, kurie v\u0117liau tapo jo mecenatais, paveiksl\u0173 kolekcij\u0105.\n\nBaig\u0119s mokykl\u0105 Zenderis i\u0161 prad\u017ei\u0173 prad\u0117jo studijuoti istorij\u0105 Ciuriche ir Heidelberge, nors jo susidom\u0117jimas jau buvo sutelktas \u012f men\u0105. Heidelberge jis vis daugiau d\u0117mesio skyr\u0117 pie\u0161imui ir tapybai, \u012fkv\u0117ptas gamtos. Anksti mirus motinai, jis nusprend\u0117 mokytis pradini\u0173 klasi\u0173 mokytojo specialyb\u0117s, kuri\u0105 baig\u0117 ir prad\u0117jo dirbti vidurin\u0117s mokyklos mokytoju. U\u017e sutaupytus pinigus jis i\u0161vyko \u012f Frankfurt\u0105 prie Maino, v\u0117liau - \u012f Pary\u017ei\u0173, kur galutinai apsisprend\u0117 siekti tapytojo karjeros.\n\nGav\u0119s Vintert\u016bro miesto stipendij\u0105, Zenderis studijavo Pary\u017eiuje, Ransono akademijoje pas Roger Bissi\u00e8re'\u0105, Georges'o Braque'o mokin\u012f. Gyvendamas Pary\u017eiuje jis taip pat susipa\u017eino su dailininku Carlu (Charlesu) Montagu ir buvo jo priimtas \u012f savo namus Meudone. Nepaisant meninio tobul\u0117jimo, Zenderis sunkiai susirgo plau\u010di\u0173 liga ir tur\u0117jo gydytis Davose-Klavadel\u0117je.\n\nGr\u012f\u017e\u0119s i\u0161 Pary\u017eiaus, Zenderis tapo Vintert\u016bro dailinink\u0173 grup\u0117s nariu ir sulauk\u0117 s\u0117km\u0117s 1934 m. sureng\u0119s pirm\u0105j\u0105 parod\u0105 Vintert\u016bro meno muziejuje. Antrojo pasaulinio karo metus Zenderis praleido Vintert\u016bre ir pagaliau gavo E. G. B\u00fchrle'io premij\u0105, kuri \u017eym\u0117jo jo, kaip tapytojo, prover\u017e\u012f.\n\nPo karo Zenderis va\u017ein\u0117jo i\u0161 Pary\u017eiaus \u012f Vintertur\u0105 ir puosel\u0117jo dailinink\u0173 draugyst\u0119 su kitomis \u017einomomis asmenyb\u0117mis, tokiomis kaip Ernstas Leu, Heinzas Kelleris ir Germaine Richier. Jo k\u016brybai b\u016bdingas fig\u016bratyvus vaizdavimas, da\u017enai vaizduojant paprastus ir kasdienius dalykus, ta\u010diau su nepaprastu atmosferos ir \u0161viesos poj\u016b\u010diu. Rudolfas Zenderis mir\u0117 1988 m. lapkri\u010dio 24 d. Vintert\u016bre, kur aktyviai tap\u0117 ir eksponavo savo darbus iki pat mirties.","link":"https:\/\/collection.galerie-gerdes.com\/lt\/c\/menininkai\/rudolf-zender-lt\/","name":"Rudolf Zender","slug":"rudolf-zender-lt","taxonomy":"product_cat","parent":1864,"meta":[],"_links":{"self":[{"href":"https:\/\/collection.galerie-gerdes.com\/lt\/wp-json\/wp\/v2\/product_cat\/8615","targetHints":{"allow":["GET"]}}],"collection":[{"href":"https:\/\/collection.galerie-gerdes.com\/lt\/wp-json\/wp\/v2\/product_cat"}],"about":[{"href":"https:\/\/collection.galerie-gerdes.com\/lt\/wp-json\/wp\/v2\/taxonomies\/product_cat"}],"up":[{"embeddable":true,"href":"https:\/\/collection.galerie-gerdes.com\/lt\/wp-json\/wp\/v2\/product_cat\/1864"}],"wp:post_type":[{"href":"https:\/\/collection.galerie-gerdes.com\/lt\/wp-json\/wp\/v2\/product?product_cat=8615"}],"curies":[{"name":"wp","href":"https:\/\/api.w.org\/{rel}","templated":true}]}}