{"id":2347,"count":0,"description":"Aloizs J. Springers dzimis 1902. gada 9. apr\u012bl\u012b Buchau un miris 1971. gada 22. febru\u0101r\u012b Erlenmoos\u0101. Vi\u0146\u0161 bija slavens v\u0101cu gleznot\u0101js no Aug\u0161bavsas, kura dai\u013cradi raksturoja dzimtenes ainava un trad\u012bcijas.\n\nAugot B\u0101d Buhau, \u0160pringeris s\u0101ka savu m\u0101kslinieka karjeru ar gleznot\u0101ja amatu, kam sekoja studijas Ulmes m\u0101kslas skol\u0101 no 1924. l\u012bdz 1929. gadam. P\u0113c studiju beig\u0161anas no 1935. gada vi\u0146\u0161 str\u0101d\u0101ja par grafi\u0137i un uztur\u0113ja darbn\u012bcu Ravensburg\u0101, kur realiz\u0113ja savus m\u0101kslinieciskos projektus.\n\nOtr\u0101 pasaules kara laik\u0101 \u0160pringers dien\u0113ja milit\u0101raj\u0101 dienest\u0101 un p\u0113c atbr\u012bvo\u0161anas no g\u016bsta k\u0101 karag\u016bsteknis 1946. gad\u0101 apmet\u0101s uz dz\u012bvi Ravensburg\u0101. Vi\u0146\u0161 piev\u0113rs\u0101s da\u017e\u0101d\u0101m m\u0101kslas tehnik\u0101m, tostarp e\u013c\u013cas glezn\u0101m, akvare\u013ciem, z\u012bm\u0113jumiem, kokgriezumiem, monotipij\u0101m, sgrafiti un vitr\u0101\u017e\u0101m. Vi\u0146a darbiem bie\u017ei bija rakstur\u012bgi reli\u0123iski mot\u012bvi vai dzimtenes ainas, izmantojot da\u017e\u0101das tehnikas, piem\u0113ram, sietspiedi un mezotintu.\n\nLai gan publika Sprind\u017eera darbus uz\u0146\u0113ma labv\u0113l\u012bgi, vi\u0146\u0161 neguva lielus p\u0101rdo\u0161anas pan\u0101kumus. 1964. gad\u0101 vi\u0146\u0161 p\u0101rc\u0113l\u0101s uz Erlenmoosu, savas sievas Marijas dzimteni. Tur vi\u0146a m\u0101kslinieciskais stils main\u012bj\u0101s no liriskas, sap\u0146ainas ainavas glezniec\u012bbas uz kr\u0101sainiem, kubiskiem mot\u012bviem.\n\n\u0160pringers atrada l\u012bdzgaitnieci un savu darbu interpret\u0113t\u0101ju rakstnieces Marijas Milleres-G\u0113gleres (Maria M\u00fcller-G\u00f6gler) person\u0101. P\u0113c vi\u0146a n\u0101ves 1971. gad\u0101 Aug\u0161bavsas m\u0101kslas ain\u0101 palika plaisa. Kurts D\u012bmers 1990. gad\u0101 atkl\u0101ja izst\u0101di Fruchtkasten Ochsenhausen un godin\u0101ja \u0160pringera ieguld\u012bjumu m\u0101kslas ain\u0101, sakot, ka vi\u0146a darbi \u201cb\u016bs da\u013ca no Aug\u0161bav\u0101gas m\u0101kslas mantojuma\u201d.\n\nKop\u0161 2016. gada da\u013ca Springera mantojuma atrodas Oberes Tor zieme\u013cu sp\u0101rn\u0101 Rot an der Rot, \u0113k\u0101, kas s\u0101kotn\u0113ji tika uzcelta 1714. gad\u0101 Rot an der Rot imperatora abatijas apsardzes vajadz\u012bb\u0101m. Aloizs J. \u0160pingeris paliek neaizmirstams k\u0101 noz\u012bm\u012bgs Aug\u0161bavsas m\u0101kslas ainas p\u0101rst\u0101vis un m\u0101kslinieks, kur\u0161 ar savu sirdi iem\u016b\u017ein\u0101ja savas dzimtenes ainavas b\u016bt\u012bbu.\n\nSal\u012bdzin\u0101t: \nhttps:\/\/www.rot.de\/site\/Rot-an-der-Rot\/get\/documents_E707354448\/rot\/Mediathek_Rot\/Tourismus\/Alois%20Springer%20Brosch%C3%BCre.pdf","link":"https:\/\/collection.galerie-gerdes.com\/lv\/c\/makslinieki\/alois-j-springer-lv\/","name":"Alois J. Springer","slug":"alois-j-springer-lv","taxonomy":"product_cat","parent":1865,"meta":[],"_links":{"self":[{"href":"https:\/\/collection.galerie-gerdes.com\/lv\/wp-json\/wp\/v2\/product_cat\/2347","targetHints":{"allow":["GET"]}}],"collection":[{"href":"https:\/\/collection.galerie-gerdes.com\/lv\/wp-json\/wp\/v2\/product_cat"}],"about":[{"href":"https:\/\/collection.galerie-gerdes.com\/lv\/wp-json\/wp\/v2\/taxonomies\/product_cat"}],"up":[{"embeddable":true,"href":"https:\/\/collection.galerie-gerdes.com\/lv\/wp-json\/wp\/v2\/product_cat\/1865"}],"wp:post_type":[{"href":"https:\/\/collection.galerie-gerdes.com\/lv\/wp-json\/wp\/v2\/product?product_cat=2347"}],"curies":[{"name":"wp","href":"https:\/\/api.w.org\/{rel}","templated":true}]}}