{"id":2459,"count":0,"description":"Alfons de Neuville dzimis 1836. gada 31. maij\u0101 Sen Om\u0113r\u0101, Pas-de-Kal\u0113 departament\u0101, un miris 1885. gada 20. maij\u0101 Par\u012bz\u0113. Vi\u0146\u0161 bija slavens fran\u010du kauju gleznot\u0101js, kur\u0161 bija paz\u012bstams ar iespaid\u012bgajiem milit\u0101ro ainu att\u0113liem.\n\nN\u0113vils n\u0101ca no tur\u012bgas \u0123imenes, vispirms pabeidza skolu un p\u0113c tam 1856. gad\u0101 s\u0101ka stud\u0113t in\u017eenierzin\u0101tnes J\u016bras akad\u0113mij\u0101 Lorient\u0101, Breta\u0146\u0101.\n\nTom\u0113r studiju laik\u0101 vi\u0146am rad\u0101s liela interese par glezniec\u012bbu un vi\u0146\u0161 k\u013cuva par slaven\u0101 gleznot\u0101ja Fransu\u0101 Edu\u0101ra Piko (Fran\u00e7ois-\u00c9douard Picot) skolnieku. Ar vi\u0146a starpniec\u012bbu v\u0113l\u0101k vi\u0146am tika dota iesp\u0113ja m\u0101c\u012bties E\u017e\u0113na Delakru\u0101 darbn\u012bc\u0101. K\u0101 gleznot\u0101js vi\u0146\u0161 debit\u0113ja 1859. gad\u0101 ar gleznu, kur\u0101 att\u0113lota Krimas kara epizode, Par\u012bzes salona izst\u0101d\u0113.\n\nParal\u0113li studij\u0101m un pirmajiem pan\u0101kumiem k\u0101 gleznot\u0101js Neivils rad\u012bja daudzas ilustr\u0101cijas t\u0101diem izdev\u0113jiem k\u0101 Kalmans Lev\u012b un Pj\u0113rs \u017dils Hercels. Starp autoriem, kuriem vi\u0146\u0161 ilustr\u0113ja darbus, bija t\u0101di di\u017egari k\u0101 Aleksandrs Dumas, \u017dils Verns un Fransu\u0101 Gizo.\n\nP\u0113c dal\u012bbas Francijas-Pr\u016bsijas kar\u0101 k\u0101 in\u017eeniera virsnieks Neivils arvien vair\u0101k piev\u0113rs\u0101s m\u0101kslinieciskajai darb\u012bbai. \u012apa\u0161i p\u0113c kara vi\u0146\u0161 bija \u013coti piepras\u012bts k\u0101 kauju gleznot\u0101js, un kop\u0101 ar t\u0101diem m\u0101ksliniekiem k\u0101 Ernests Meisonj\u0113 (Ernest Meissonier) un Edu\u0101rs Details (Edouard Detaille) tika uzskat\u012bts par Francijas mor\u0101l\u0101s atjaunotnes simbolu p\u0113c t\u0101 d\u0113v\u0113t\u0101s \u201cfran\u010du dr\u0101mas\u201d. Vi\u0146a darbi, kuros bie\u017ei vien vald\u012bja patriotisks stils, v\u0113l\u0101k tika uzskat\u012bti par noz\u012bm\u012bgu ieguld\u012bjumu milit\u0101raj\u0101 propagand\u0101.\n\nN\u0113vila karjeras kulmin\u0101cija bija vi\u0146a glezna \u201cBivaks Le Bur\u017e\u0113 ciemata priek\u0161\u0101 p\u0113c 1870. gada 21. decembra kaujas\u201d, kas tika izst\u0101d\u012bta Par\u012bzes salon\u0101 1872. gad\u0101 un atnesa vi\u0146am lielu slavu.\n\nAlfons de Neuville nomira Par\u012bz\u0113 1885. gad\u0101, \u012bsi pirms 49 gadu vecuma. Vi\u0146a kapu Monmartra kapos rot\u0101 m\u0101kslinieka kr\u016b\u0161ut\u0113ls un simboliska sievietes fig\u016bra \u201cRaudo\u0161\u0101 Francija\u201d - abi darbi, kuru autors ir Francis de Senvid\u0101ls (1840-1900).","link":"https:\/\/collection.galerie-gerdes.com\/lv\/c\/makslinieki\/alphonse-marie-adolphe-de-neuville-lv\/","name":"Alphonse Marie Adolphe DE NEUVILLE","slug":"alphonse-marie-adolphe-de-neuville-lv","taxonomy":"product_cat","parent":1865,"meta":[],"_links":{"self":[{"href":"https:\/\/collection.galerie-gerdes.com\/lv\/wp-json\/wp\/v2\/product_cat\/2459","targetHints":{"allow":["GET"]}}],"collection":[{"href":"https:\/\/collection.galerie-gerdes.com\/lv\/wp-json\/wp\/v2\/product_cat"}],"about":[{"href":"https:\/\/collection.galerie-gerdes.com\/lv\/wp-json\/wp\/v2\/taxonomies\/product_cat"}],"up":[{"embeddable":true,"href":"https:\/\/collection.galerie-gerdes.com\/lv\/wp-json\/wp\/v2\/product_cat\/1865"}],"wp:post_type":[{"href":"https:\/\/collection.galerie-gerdes.com\/lv\/wp-json\/wp\/v2\/product?product_cat=2459"}],"curies":[{"name":"wp","href":"https:\/\/api.w.org\/{rel}","templated":true}]}}