{"id":4457,"count":0,"description":"Antons Lamprehts dzimis 1901. gada 12. august\u0101 Allershauzen\u0113 un miris 1984. gada 22. janv\u0101r\u012b Minhen\u0113. Vi\u0146\u0161 bija slavens v\u0101cu gleznot\u0101js.\n\nLamprehts piedzima k\u0101 kalpones Magdal\u0113nas Brunneres \u0101rlaul\u012bbas d\u0113ls. Vec\u0101ki apprec\u0113j\u0101s tikai \u010detrus m\u0113ne\u0161us p\u0113c vi\u0146a dzim\u0161anas. Vi\u0146\u0161 uzauga Freising\u0101, kur jau agr\u0101 vecum\u0101 skol\u0101 att\u012bst\u012bja savas izcil\u0101s z\u012bm\u0113\u0161anas prasmes. Septi\u0146padsmit gadu vecum\u0101 Lamprehts vispirms p\u0101rc\u0113l\u0101s uz Minheni, bet gadu v\u0113l\u0101k uz Diseldorfu, lai stud\u0113tu m\u0101kslas akad\u0113mij\u0101 pie Lot\u0101ra fon Kunovska. P\u0113c se\u0161iem semestriem vi\u0146\u0161 pabeidza studijas ar izcil\u012bbu.\n\nP\u0113c gada sta\u017e\u0113\u0161an\u0101s par skolot\u0101ju Ohligs-Valdas vidusskol\u0101 Reinzem\u0113 Lamprehts 1923. gad\u0101 atgriez\u0101s Minhen\u0113. Tur vi\u0146\u0161 stud\u0113ja glezniec\u012bbu pie Karla Kaspara Minhenes M\u0101kslas akad\u0113mij\u0101 un piedal\u012bj\u0101s Bambergas katedr\u0101les apglezno\u0161an\u0101.\n\nLamprehts sa\u0146\u0113ma atzin\u012bbu par saviem darbiem un 1927. gad\u0101 sa\u0146\u0113ma Nirnbergas pils\u0113tas Albrehta D\u012brera balvu, bet 1929. gad\u0101 - Romas balvu. Vi\u0146\u0161 bija Deutscher K\u00fcnstlerbund un Neue Gruppe biedrs.\n\nAntons Lamprihts atst\u0101ja iev\u0113rojamu m\u0101ksliniecisko mantojumu un mira Minhen\u0113 82 gadu vecum\u0101.","link":"https:\/\/collection.galerie-gerdes.com\/lv\/c\/makslinieki\/anton-lamprecht-lv\/","name":"Anton LAMPRECHT","slug":"anton-lamprecht-lv","taxonomy":"product_cat","parent":1865,"meta":[],"_links":{"self":[{"href":"https:\/\/collection.galerie-gerdes.com\/lv\/wp-json\/wp\/v2\/product_cat\/4457","targetHints":{"allow":["GET"]}}],"collection":[{"href":"https:\/\/collection.galerie-gerdes.com\/lv\/wp-json\/wp\/v2\/product_cat"}],"about":[{"href":"https:\/\/collection.galerie-gerdes.com\/lv\/wp-json\/wp\/v2\/taxonomies\/product_cat"}],"up":[{"embeddable":true,"href":"https:\/\/collection.galerie-gerdes.com\/lv\/wp-json\/wp\/v2\/product_cat\/1865"}],"wp:post_type":[{"href":"https:\/\/collection.galerie-gerdes.com\/lv\/wp-json\/wp\/v2\/product?product_cat=4457"}],"curies":[{"name":"wp","href":"https:\/\/api.w.org\/{rel}","templated":true}]}}