{"id":4854,"count":0,"description":"M\u016bsdienu v\u0101cu m\u0101kslinieks Detlev Nitschke ir vislab\u0101k paz\u012bstams ar gleznainaj\u0101m ain\u0101m un plen\u0113ra glezn\u0101m (plen\u0113rs), kas kalpo k\u0101 paraugi atkl\u0101tn\u0113m, gr\u0101mat\u0101m un kalend\u0101riem. Nitschke dzimis 1935. gad\u0101 Berl\u012bn\u0113, p\u0113c m\u0101kslas studij\u0101m Poligr\u0101fijas un grafikas meistardarbn\u012bc\u0101 vi\u0146\u0161 ieguva litogr\u0101fa izgl\u012bt\u012bbu un diplomu. Vair\u0101kus gadus str\u0101d\u0101jis par Berl\u012bnes grafikas uz\u0146\u0113muma vad\u012bt\u0101ju un dizaina noda\u013cas vad\u012bt\u0101ju, 1969. gad\u0101 vi\u0146\u0161 atv\u0113ra savu studiju.\n\nB\u016bdams Berl\u012bnes Arhitekt\u016bras gleznot\u0101ju biedr\u012bbas biedrs, N\u012b\u010dke ir piedal\u012bjies daudz\u0101s person\u0101lizst\u0101d\u0113s un grupu izst\u0101d\u0113s ASV un Eirop\u0101, tostarp Keipkod\u0101, Minhen\u0113, Berl\u012bn\u0113, Ven\u0113cij\u0101, \u0145ujork\u0101 un Boston\u0101.\n\nN\u012b\u010dkes darbiem rakstur\u012bgs glezniecisks dabas ainu un ainavu att\u0113lojums, kas bie\u017ei tiek izmantots k\u0101 paraugs kart\u0113m, gr\u0101mat\u0101m un kalend\u0101riem. Vi\u0146a m\u0101kslu sp\u0113c\u012bgi ietekm\u0113ja amerik\u0101\u0146u impresionisti, k\u0101 ar\u012b ce\u013cojumi pa Eiropu un Krieviju, kuros vi\u0146\u0161 iem\u016b\u017ein\u0101ja ce\u013cojumos pieredz\u0113t\u0101s gleznain\u0101s ainas un ainavas. \u012apa\u0161i iz\u0161\u0137iro\u0161a ietekme uz vi\u0146a m\u0101kslu bija iespaidiem par Vidusj\u016bras re\u0123iona dz\u012bvi It\u0101lijas dienvidos un zieme\u013cos.\n\nGaismas un kr\u0101su iedarb\u012bba iedvesmo N\u012b\u010dkes darbus, kuros vi\u0146\u0161, prasm\u012bgi izmantojot gaismu un kr\u0101su, pau\u017e cilv\u0113ka dz\u012bves prieku. Vi\u0146a darbi ir paz\u012bstami ar savu spont\u0101no glezniec\u012bbas stilu, kas iem\u016b\u017eina gleznainas ainas. N\u012b\u010dkei bija b\u016btiska loma fotogr\u0101fiska izskata gleznu att\u012bst\u012bb\u0101, un vi\u0146u \u012bpa\u0161i interes\u0113ja cilv\u0113ku att\u0113lo\u0161ana kust\u012bb\u0101. Vi\u0146a nol\u016bks bija iem\u016b\u017ein\u0101t mirk\u013cainus mirk\u013cus ar dz\u012bv\u012bgumu un apburo\u0161iem gaismas un kr\u0101su efektiem, iedvesmojoties no fran\u010du impresionistiem.\n\nLai gan vi\u0146a darbi bie\u017ei tiek asoci\u0113ti ar amerik\u0101\u0146u impresionismu, tajos v\u0113rojama ar\u012b sp\u0113c\u012bga fran\u010du impresionisma ietekme.","link":"https:\/\/collection.galerie-gerdes.com\/lv\/c\/makslinieki\/detlef-nitschke-lv\/","name":"Detlef Nitschke","slug":"detlef-nitschke-lv","taxonomy":"product_cat","parent":1865,"meta":[],"_links":{"self":[{"href":"https:\/\/collection.galerie-gerdes.com\/lv\/wp-json\/wp\/v2\/product_cat\/4854","targetHints":{"allow":["GET"]}}],"collection":[{"href":"https:\/\/collection.galerie-gerdes.com\/lv\/wp-json\/wp\/v2\/product_cat"}],"about":[{"href":"https:\/\/collection.galerie-gerdes.com\/lv\/wp-json\/wp\/v2\/taxonomies\/product_cat"}],"up":[{"embeddable":true,"href":"https:\/\/collection.galerie-gerdes.com\/lv\/wp-json\/wp\/v2\/product_cat\/1865"}],"wp:post_type":[{"href":"https:\/\/collection.galerie-gerdes.com\/lv\/wp-json\/wp\/v2\/product?product_cat=4854"}],"curies":[{"name":"wp","href":"https:\/\/api.w.org\/{rel}","templated":true}]}}