{"id":5122,"count":0,"description":"Ei\u017eens Ku\u010ders nebija parasts otas m\u0101kslinieks, vi\u0146\u0161 bija dv\u0113seles \u0137\u0113r\u0101js, kas iem\u016b\u017ein\u0101ja savas dzimtenes burv\u012bgo ainavu kr\u0101s\u0101s un atdz\u012bvin\u0101ja to uz audekla.\n\nDzimis 1889. gada 12. august\u0101 Encveihingen\u0101, idillisk\u0101 viet\u0101 net\u0101lu no Vaihingenas\/Encas, Ku\u010ders jau agri paman\u012bja savu talantu. T\u0113va, apmet\u0113ja meistara, ietekme un br\u0101\u013ca Vilhelma, cien\u012bjama glezniec\u012bbas meistara, atbalsts bru\u0123\u0113ja ce\u013cu vi\u0146a m\u0101kslinieka karjerai.\n\nP\u0113c skolas beig\u0161anas vi\u0146a ce\u013c\u0161 veda uz kr\u0101su un otas triepienu pasauli k\u0101 br\u0101\u013ca m\u0101ceklim, kur\u0161 bija divpadsmit gadus vec\u0101ks par vi\u0146u. Ta\u010du liktenis vi\u0146am bija sagatavojis liel\u0101kas lietas. 1910. gada novembr\u012b Ku\u010ders atrada savu likteni k\u0101 skatuves gleznot\u0101js \u0160tutgartes Karaliskaj\u0101 te\u0101tr\u012b. Tur vi\u0146\u0161 att\u012bst\u012bja savu talantu un rad\u012bja dekor\u0101cijas, kas rosin\u0101ja skat\u012bt\u0101ju izt\u0113li.\n\nAr\u012b p\u0113c Pirm\u0101 pasaules kara nemieriem Ku\u010ders palika uztic\u012bgs savam arodam un atgriez\u0101s \u0160tutgart\u0113, kur atrada m\u0101jvietu pie savas m\u012b\u013cot\u0101s Matildes un vi\u0146as \u0123imenes L\u00f6wenstra\u00dfe 83. Vi\u0146\u0161 nekad ne\u013c\u0101va atp\u016bsties savam m\u0101kslinieka talantam un d\u0101v\u0101ja Degerlohas iedz\u012bvot\u0101jiem ainavu gleznas, kur\u0101s bija iem\u016b\u017ein\u0101ts dabas skaistums t\u0101s t\u012br\u0101kaj\u0101 izpausm\u0113.\n\nTa\u010du liktenim bija j\u0101paiet b\u0113d\u012bgam pav\u0113rsienam. 1945. gada 12. apr\u012bl\u012b, ce\u013cojuma laik\u0101 uz \u0100lenu, Ku\u010ders k\u013cuva par sabiedroto izn\u012bcino\u0161a zema augstuma gaisa uzlidojuma upuri. Vi\u0146a dz\u012bve beidz\u0101s p\u0101r\u0101k agri, ta\u010du vi\u0146a mantojums dz\u012bvo to cilv\u0113ku sird\u012bs, kuri apbr\u012bno vi\u0146a m\u0101kslu.\n\n20. gadsimta 20. un 30. gadu zelta gados Ku\u010ders bie\u017ei mekl\u0113ja patv\u0113rumu un iedvesmu pie Em\u012bla Hammas \u0123imenes Obermusbah\u0101. Vi\u0146\u0161 st\u0101v\u0113ja gleznainaj\u0101s nog\u0101z\u0113s ar otu rok\u0101 un uz m\u016b\u017e\u012bgiem laikiem iem\u016b\u017ein\u0101ja Obermusbahas skaistumu uz audekla.","link":"https:\/\/collection.galerie-gerdes.com\/lv\/c\/makslinieki\/eugen-kucher-lv\/","name":"Eugen Kucher","slug":"eugen-kucher-lv","taxonomy":"product_cat","parent":1865,"meta":[],"_links":{"self":[{"href":"https:\/\/collection.galerie-gerdes.com\/lv\/wp-json\/wp\/v2\/product_cat\/5122","targetHints":{"allow":["GET"]}}],"collection":[{"href":"https:\/\/collection.galerie-gerdes.com\/lv\/wp-json\/wp\/v2\/product_cat"}],"about":[{"href":"https:\/\/collection.galerie-gerdes.com\/lv\/wp-json\/wp\/v2\/taxonomies\/product_cat"}],"up":[{"embeddable":true,"href":"https:\/\/collection.galerie-gerdes.com\/lv\/wp-json\/wp\/v2\/product_cat\/1865"}],"wp:post_type":[{"href":"https:\/\/collection.galerie-gerdes.com\/lv\/wp-json\/wp\/v2\/product?product_cat=5122"}],"curies":[{"name":"wp","href":"https:\/\/api.w.org\/{rel}","templated":true}]}}