{"id":5993,"count":0,"description":"Fransu\u0101 Klu\u0113, paz\u012bstams ar\u012b k\u0101 Fransu\u0101 \u017dan\u0113, dzimis 1510. gad\u0101 T\u016br\u0101 un miris 1572. gada 22. septembr\u012b Par\u012bz\u0113. Vi\u0146\u0161 bija fran\u010du gleznot\u0101js.\nKlu\u0113 t\u0113vs, holandie\u0161u gleznot\u0101js \u017dans Klu\u0113, vispirms apmet\u0101s uz dz\u012bvi T\u016br\u0101 un v\u0113l\u0101k Par\u012bz\u0113. T\u0101 k\u0101 vi\u0146a v\u0101rds bija \u017dans, vi\u0146\u0161 bija paz\u012bstams ar\u012b k\u0101 \u017dan\u0113 (faktiski \u017dan\u0113). \u0160\u0101da v\u0101rda lieto\u0161ana rad\u012bja p\u0101rpratumus, jo ar\u012b vi\u0146a d\u0113ls reiz\u0113m n\u0113s\u0101ja uzv\u0101rdu \u017dan\u0113.\n1541. gad\u0101 Fransu\u0101 Klu\u0113 ieguva Francijas pilson\u012bbu un str\u0101d\u0101ja par kara\u013cu Franciska I, Henrija II un K\u0101r\u013ca IX galma gleznot\u0101ju.\nKl\u016b\u0113 glezn\u0101s skaidri redzama vi\u0146a holandie\u0161u izcelsmes ietekme. T\u0101s ir smalki apstr\u0101d\u0101tas, bie\u017ei vien domin\u0113 sudrabaini pel\u0113ks tonis, kas padara miesas model\u0113\u0161anu nedaudz plakanu. Sal\u012bdzinot ar Holbeinu, kuram da\u017ei vi\u0146a darbi ir k\u013c\u016bdaini pied\u0113v\u0113ti, vi\u0146\u0161 nesasniedz t\u0101du pa\u0161u l\u012bmeni. Kl\u016b\u0113 tiek pieskait\u012bts Fonteblo otrajai skolai.\nViens no vi\u0146a noz\u012bm\u012bg\u0101kajiem darbiem ir dabisk\u0101 lieluma K\u0101r\u013ca IX portrets V\u012bnes Belved\u0113r\u0101. Luvr\u0101 Par\u012bz\u0113 atrodas ar\u012b K\u0101r\u013ca IX un Elizabetes Austrijas portreti. Hovarda pil\u012b atrodas 88 meln\u0101 un sarkan\u0101 kr\u012bt\u0101 z\u012bm\u0113tu Francijas galma locek\u013cu portretu kolekcija.\nPaz\u012bstams Kl\u016b\u0113 darbs ir glezna \u201cD\u0101ma vann\u0101\u201d, kas s\u0101kotn\u0113ji tika identific\u0113ta k\u0101 Di\u0101nas de Puatj\u0113 att\u0113lojums, ta\u010du, iesp\u0113jams, t\u0101 atg\u0101dina Mariju Tu\u0161\u0113, K\u0101r\u013ca IX kundzi. Ar\u012b daudzi z\u012bm\u0113jumi, kas galvenok\u0101rt atrodas Kond\u0113 muzej\u0101, tiek pied\u0113v\u0113ti vi\u0146am.","link":"https:\/\/collection.galerie-gerdes.com\/lv\/c\/makslinieki\/francois-clouet-lv\/","name":"Francois Clouet","slug":"francois-clouet-lv","taxonomy":"product_cat","parent":1865,"meta":[],"_links":{"self":[{"href":"https:\/\/collection.galerie-gerdes.com\/lv\/wp-json\/wp\/v2\/product_cat\/5993","targetHints":{"allow":["GET"]}}],"collection":[{"href":"https:\/\/collection.galerie-gerdes.com\/lv\/wp-json\/wp\/v2\/product_cat"}],"about":[{"href":"https:\/\/collection.galerie-gerdes.com\/lv\/wp-json\/wp\/v2\/taxonomies\/product_cat"}],"up":[{"embeddable":true,"href":"https:\/\/collection.galerie-gerdes.com\/lv\/wp-json\/wp\/v2\/product_cat\/1865"}],"wp:post_type":[{"href":"https:\/\/collection.galerie-gerdes.com\/lv\/wp-json\/wp\/v2\/product?product_cat=5993"}],"curies":[{"name":"wp","href":"https:\/\/api.w.org\/{rel}","templated":true}]}}