{"id":6876,"count":0,"description":"Hermanis Busse, dzimis 1883. gada 25. febru\u0101r\u012b L\u012btkendorf\u0101 un miris 1970. gada 8. janv\u0101r\u012b Heilbronn\u0101, bija v\u0101cu gleznot\u0101js.\nVi\u0146\u0161 piedzima L\u012btkendorf\u0101 k\u0101 ceturtais un p\u0113d\u0113jais b\u0113rns galdniekam Vilhelmam Busem un vi\u0146a sievai Vilhelm\u012bnei T\u016brmanei. Vi\u0146\u0161 m\u0101c\u012bj\u0101s viet\u0113j\u0101 pamatskol\u0101 un p\u0113c tam pabeidza septi\u0146us gadus ilgu gleznot\u0101ja praksi Putlic\u0101, kur specializ\u0113j\u0101s dekorat\u012bvaj\u0101 sienu glezniec\u012bb\u0101. P\u0113c m\u0101cek\u013ca prakses beig\u0161anas vi\u0146\u0161 1906-1907. gad\u0101 dev\u0101s divu gadu izgl\u012btojo\u0161\u0101 ce\u013cojum\u0101 pa V\u0101ciju, \u0160veici, Austriju un It\u0101liju. No 1907. l\u012bdz 1912. gadam vi\u0146\u0161 p\u0101rmai\u0146us dz\u012bvoja Berl\u012bn\u0113, kur turpin\u0101ja savu m\u0101kslinieka karjeru, un L\u012btkendorf\u0101, kur uztur\u0113ja vec\u0101kus. Papildus darbam E. Deloretes Berl\u012bnes glezniec\u012bbas darbn\u012bc\u0101 vi\u0146\u0161 str\u0101d\u0101ja ar\u012b k\u0101 br\u012bvm\u0101kslinieks un 1911. gad\u0101 Perlebergas Jubilejas tirdzniec\u012bbas izst\u0101d\u0113 par trim sav\u0101m glezn\u0101m sa\u0146\u0113ma sudraba meda\u013cu.\nPateicoties bru\u0146inieku direktora fon Freiera atbalstam, Busse sa\u0146\u0113ma Brandenburgas provinces komitejas dot\u0101ciju 1000 zelta marku apm\u0113r\u0101, kas \u013c\u0101va vi\u0146am 1914. gad\u0101 iest\u0101ties Berl\u012bnes M\u0101kslas akad\u0113mij\u0101. Tom\u0113r no 1915. l\u012bdz 1919. gadam vi\u0146a akad\u0113misko izgl\u012bt\u012bbu p\u0101rtrauca dienests flot\u0113 k\u0101 rezerves karav\u012bram. P\u0113c dienesta vi\u0146\u0161 turpin\u0101ja studijas pie profesora Art\u016bra Krapfa un 1920. gad\u0101 k\u013cuva par profesora Olofa Jernberga ma\u0123istrantu. 1919. un 1920. gad\u0101 vi\u0146\u0161 dev\u0101s m\u0101c\u012bbu braucienos uz T\u012bringeni un Virtembergu, kur iepazin\u0101s ar savu n\u0101kamo sievu Leni K\u012bzeri. Kop\u0161 t\u0101 laika vi\u0146\u0161 vasaras pavad\u012bja Jagstfeld\u0113, bet ziemas m\u0113ne\u0161us - Berl\u012bn\u0113.\nBusse piedal\u012bj\u0101s 1921., 1922. un 1924. gada Lielaj\u0101s Berl\u012bnes m\u0101kslas izst\u0101d\u0113s, bet 1924. gad\u0101 ekonomisk\u0101s kr\u012bzes d\u0113\u013c p\u0101rc\u0113l\u0101s uz Jagstfeldi pie sievas. Turpm\u0101kajos gados vi\u0146\u0161 piedal\u012bj\u0101s izst\u0101d\u0113s Minhenes Glaspalast un 1930. gad\u0101 atv\u0113ra savu izst\u0101\u017eu telpu Jagstfeld\u0113. Vi\u0146\u0161 k\u013cuva par Heilbronnas M\u0101kslinieku apvien\u012bbas biedru un gleznoja kop\u0101 ar Vilhelmu \u0160eferu. P\u0113c 1933. gada Busse darboj\u0101s ar\u012b jaunizveidot\u0101s Bad Fr\u012bdrih\u0161t\u0101les pa\u0161vald\u012bbas padom\u0113 un k\u0101du laiku bija m\u0113ra vietnieks.\nOtr\u0101 pasaules kara laik\u0101 1944. gad\u0101 Berl\u012bn\u0113 tika izn\u012bcin\u0101ta da\u013ca no vi\u0146a agr\u012bnajiem darbiem, bet 1945. gad\u0101 Jagstfeld\u0113 - krodzi\u0146\u0161. P\u0113c kara vi\u0146a atjaunot\u0101 darbn\u012bca un izst\u0101\u017eu telpas tika izmantotas b\u0113g\u013cu izmitin\u0101\u0161anai, kas pamudin\u0101ja vi\u0146u vair\u0101k gleznot br\u012bv\u0101 dab\u0101.\n1953. gad\u0101 vi\u0146\u0161 piedal\u012bj\u0101s grupas izst\u0101d\u0113 Virtembergas \u0160tutgartes un Heilbronnas m\u0101kslas festiv\u0101l\u0101, bet 1955. gad\u0101 nodibin\u0101ja br\u012bvo m\u0101kslinieku apvien\u012bbu Jagstfelder Kreis. 1960. gad\u0101 vi\u0146\u0161 bija spiests atteikties no sav\u0101m istab\u0101m viesn\u012bc\u0101 Sch\u00f6ne Aussicht un p\u0101rc\u0113l\u0101s uz Heilbronnu. 1963. gad\u0101 Heilbronnas M\u0101kslas biedr\u012bba (Kunstverein Heilbronn) r\u012bkoja retrospekciju par godu Buses 80. dzim\u0161anas dienai. Hermanis Busse nomira Heilbronn\u0101 1970. gada 8. janv\u0101r\u012b. Taj\u0101 pa\u0161\u0101 gad\u0101 Heilbronnas pils\u0113tas V\u0113stures muzej\u0101 tika sar\u012bkota piemi\u0146as izst\u0101de, bet 1980. gad\u0101 Heilbronnas pa\u0161vald\u012bbas muzeji v\u0113lreiz sar\u012bkoja gleznot\u0101ja darbu izst\u0101di.","link":"https:\/\/collection.galerie-gerdes.com\/lv\/c\/makslinieki\/hermann-busse-lv\/","name":"Hermann Busse","slug":"hermann-busse-lv","taxonomy":"product_cat","parent":1865,"meta":[],"_links":{"self":[{"href":"https:\/\/collection.galerie-gerdes.com\/lv\/wp-json\/wp\/v2\/product_cat\/6876","targetHints":{"allow":["GET"]}}],"collection":[{"href":"https:\/\/collection.galerie-gerdes.com\/lv\/wp-json\/wp\/v2\/product_cat"}],"about":[{"href":"https:\/\/collection.galerie-gerdes.com\/lv\/wp-json\/wp\/v2\/taxonomies\/product_cat"}],"up":[{"embeddable":true,"href":"https:\/\/collection.galerie-gerdes.com\/lv\/wp-json\/wp\/v2\/product_cat\/1865"}],"wp:post_type":[{"href":"https:\/\/collection.galerie-gerdes.com\/lv\/wp-json\/wp\/v2\/product?product_cat=6876"}],"curies":[{"name":"wp","href":"https:\/\/api.w.org\/{rel}","templated":true}]}}