{"id":7667,"count":0,"description":"Otto Hamels, \u012bstaj\u0101 v\u0101rd\u0101 Otto Augusts Maksimilians Hammels, bija slavens v\u0101cu gleznot\u0101js, kur\u0161 dzimis 1866. gada 6. mart\u0101 Erfurt\u0113 un miris 1950. gada 23. j\u016blij\u0101 Lohr\u0101 pie Mainas. Vi\u0146a dai\u013cradei bija rakstur\u012bga iespaid\u012bga att\u012bst\u012bba.\n\nHamels piedzima k\u0101 dekorat\u012bv\u0101s gleznot\u0101jas d\u0113ls Erfurt\u0113 un jau agri izr\u0101d\u012bja interesi par glezniec\u012bbu. P\u0113c skolas beig\u0161anas vi\u0146\u0161 s\u0101ka m\u0101ksliniecisko izgl\u012bt\u012bbu Erfurtes Karaliskaj\u0101 m\u0101kslas skol\u0101, kur m\u0101c\u012bj\u0101s pie t\u0101diem slaveniem m\u0101ksliniekiem k\u0101 v\u0113stures gleznot\u0101js Eduards fon H\u0101gens un Emanuels Sempers. Vi\u0146a aizrau\u0161an\u0101s ar glezniec\u012bbu un talants aizveda vi\u0146u uz Berl\u012bni, kur ar Erfurtes pils\u0113tas stipendiju vi\u0146\u0161 turpin\u0101ja studijas pie Maksa Koha un Fran\u010da Skarbina.\n\n1888. gad\u0101 Otto Hamels sa\u0146\u0113ma valsts stipendiju, kas vi\u0146am deva iesp\u0113ju stud\u0113t It\u0101lij\u0101. Gadu v\u0113l\u0101k vi\u0146\u0161 atv\u0113ra savu pirmo darbn\u012bcu Berl\u012bn\u0113 un turpin\u0101ja m\u0101ksliniecisko att\u012bst\u012bbu. Ce\u013cojumi un studiju viz\u012btes vi\u0146u aizveda uz Par\u012bzi, kur vi\u0146\u0161 sask\u0101r\u0101s ar impresionismu, kas b\u016btiski ietekm\u0113ja vi\u0146a m\u0101kslu. P\u0113c atgrie\u0161an\u0101s 1890. gad\u0101 vi\u0146\u0161 tika iecelts par dekorat\u012bv\u0101s glezniec\u012bbas profesoru slavenaj\u0101 Hannoveres M\u0101kslas un amatniec\u012bbas skol\u0101.\n\nNacion\u0101lsoci\u0101lisma tum\u0161aj\u0101 laikmet\u0101 Otto Hamels bija Reiha T\u0113lot\u0101jm\u0101kslas kameras loceklis. \u0160aj\u0101 laik\u0101 vi\u0146\u0161 piedal\u012bj\u0101s Lielaj\u0101s v\u0101cu m\u0101kslas izst\u0101d\u0113s Minhen\u0113 ar kopum\u0101 13 saviem darbiem, iz\u0146emot 1942. gadu. Vi\u0146a darbi piesaist\u012bja uzman\u012bbu, un tos ieg\u0101d\u0101j\u0101s t\u0101das iev\u0113rojamas person\u012bbas k\u0101 \u0100dolfs Hitlers un vado\u0161ie nacistu funkcion\u0101ri Hermanis Esers, R\u016bdolfs Hess un Joahims fon Ribentrops.\n\nPar godu vi\u0146a 75. dzim\u0161anas dienai tika sar\u012bkota \u012bpa\u0161a izst\u0101de, lai godin\u0101tu vi\u0146a noz\u012bm\u012bgos darbus. \u0160o izst\u0101di r\u012bkoja slaven\u0101 H. Menges galerija Hannover\u0113, un to papildin\u0101ja informat\u012bva publik\u0101cija, kur\u0101 iespaid\u012bgi dokument\u0113ts vi\u0146a m\u0101kslinieciskais mantojums.","link":"https:\/\/collection.galerie-gerdes.com\/lv\/c\/makslinieki\/otto-hamel-lv\/","name":"Otto Hamel","slug":"otto-hamel-lv","taxonomy":"product_cat","parent":1865,"meta":[],"_links":{"self":[{"href":"https:\/\/collection.galerie-gerdes.com\/lv\/wp-json\/wp\/v2\/product_cat\/7667","targetHints":{"allow":["GET"]}}],"collection":[{"href":"https:\/\/collection.galerie-gerdes.com\/lv\/wp-json\/wp\/v2\/product_cat"}],"about":[{"href":"https:\/\/collection.galerie-gerdes.com\/lv\/wp-json\/wp\/v2\/taxonomies\/product_cat"}],"up":[{"embeddable":true,"href":"https:\/\/collection.galerie-gerdes.com\/lv\/wp-json\/wp\/v2\/product_cat\/1865"}],"wp:post_type":[{"href":"https:\/\/collection.galerie-gerdes.com\/lv\/wp-json\/wp\/v2\/product?product_cat=7667"}],"curies":[{"name":"wp","href":"https:\/\/api.w.org\/{rel}","templated":true}]}}