{"id":8931,"count":0,"description":"R\u016bdolfs B\u0113thgers dzimis 1887. gada 4. j\u016blij\u0101 Tahau un miris 1973. gada 28. janv\u0101r\u012b Regensburg\u0101. Vi\u0146\u0161 bija austrie\u0161u gleznot\u0101js, kura darbi ir paz\u012bstami gan ar savu m\u0101ksliniecisko kvalit\u0101ti, gan ar\u012b ar to, ka tie bija saist\u012bti ar sava laika politiskajiem notikumiem.\n\nM\u0101ksliniecisko izgl\u012bt\u012bbu B\u0113thgers uzs\u0101ka 1905.-1910. gad\u0101 V\u012bnes M\u0101kslas akad\u0113mij\u0101 Fran\u010da Rumplera un Alfr\u0113da Kozmana vad\u012bb\u0101. P\u0113c \u012bsas uztur\u0113\u0161an\u0101s Minhenes M\u0101kslas akad\u0113mij\u0101 1910. gad\u0101 vi\u0146\u0161 1911. gad\u0101 apmet\u0101s uz dz\u012bvi V\u012bn\u0113 k\u0101 br\u012bvm\u0101kslinieks.\n\nPirm\u0101 pasaules kara laik\u0101 vi\u0146\u0161 k\u0101 virsnieks dien\u0113ja Krievij\u0101 un guva vair\u0101kus ievainojumus. P\u0113c kara vi\u0146\u0161 k\u013cuva par V\u012bnes m\u0101kslinieku kooperat\u012bva biedru un no 1919. gada piedal\u012bj\u0101s kop\u012bg\u0101s izst\u0101d\u0113s K\u00fcnstlerhaus.\n\nJau pirms 1938. gada B\u0113thgers akt\u012bvi darboj\u0101s k\u0101 neleg\u0101ls NSDAP biedrs, ko vi\u0146\u0161 skaidroja ar savu Sudetas v\u0101cu izcelsmi. P\u0113c Austrijas aneksijas vi\u0146\u0161 ie\u0146\u0113ma vado\u0161us amatus re\u017e\u012bma m\u0101kslas un kult\u016bras politik\u0101. Vi\u0146\u0161 k\u013cuva atbild\u012bgs par glezniec\u012bbu V\u012bnes Gau Kult\u016bras padom\u0113 un uz\u0146\u0113m\u0101s reprezentat\u012bvus uzdevumus, tostarp apmekl\u0113ja gauleitera Baldura fon \u0160iraha r\u012bkot\u0101s pie\u0146em\u0161anas. Vi\u0146a dal\u012bba \u013c\u0101va vi\u0146am pla\u0161i piedal\u012bties Lielaj\u0101s v\u0101cu m\u0101kslas izst\u0101d\u0113s Minhen\u0113.\n\nB\u0113thgers uztur\u0113ja cie\u0161as attiec\u012bbas ar cit\u0101m t\u0101 laika kult\u016bras person\u012bb\u0101m, tostarp Franci Karlu Gincki, Jozefu Veinheberu un Vilhelmu Fraisu. Neraugoties uz sak\u0101vi kar\u0101 un vi\u0146a darbn\u012bcas un dz\u012bvok\u013ca V\u012bn\u0113 izn\u012bcin\u0101\u0161anu c\u012b\u0146\u0101s pret Sarkano armiju 1945. gad\u0101, B\u0113thgers palika uztic\u012bgs savai NSDAP darb\u012bbai un neatk\u0101p\u0101s no savas agr\u0101k\u0101s iesaist\u012b\u0161an\u0101s ar\u012b p\u0113c 1945. gada.\n\nP\u0113c Otr\u0101 pasaules kara B\u0113thgers ievainojumu d\u0113\u013c s\u0101kotn\u0113ji tika nog\u0101d\u0101ts kara hospit\u0101l\u012b pie Deggendorfas, bet v\u0113l\u0101k - kara hospit\u0101l\u012b Meten\u0101. No 1948. gada vi\u0146am atkal ofici\u0101li at\u013c\u0101va doties uz Austriju un vi\u0146\u0161 regul\u0101ri apmekl\u0113ja tur dz\u012bvojo\u0161os draugus un pazi\u0146as, kurus ar\u012b portret\u0113ja.\n\nPag\u0101ju\u0161\u0101 gadsimta 50. gados B\u0113thgers ilgu laiku pavad\u012bja Zviedrij\u0101 pie savas patroneses Ullas Ekmanes. S\u0101kot ar 1950. gadu, vi\u0146\u0161 arvien bie\u017e\u0101k sa\u0146\u0113ma m\u0101kslas pas\u016bt\u012bjumus arhitekt\u016br\u0101 V\u0101cij\u0101, kurus vi\u0146am noorganiz\u0113ja draugi arhitekti.\n\n1952. gad\u0101 B\u0113thgers p\u0101rc\u0113l\u0101s uz Regensburgu, kur dz\u012bvoja l\u012bdz pat savai n\u0101vei. Vi\u0146\u0161 izst\u0101j\u0101s no sabiedrisk\u0101s kult\u016bras dz\u012bves, jo vairs nejuta, ka vi\u0146a m\u0101ksliniecisk\u0101s idejas tiek p\u0101rst\u0101v\u0113tas.\n\nSe\u0161desmitajos gados B\u0113thgers sa\u0146\u0113ma pas\u016bt\u012bjumu projekt\u0113t eva\u0146\u0123\u0113lisko Sv\u0113t\u0101 P\u0101vila bazn\u012bcu V\u012bn\u0113, lai gan vi\u0146am bija aizliegts str\u0101d\u0101t sav\u0101 profesij\u0101. Tur vi\u0146a logi, kuros J\u0113zus att\u0113lots k\u0101 ariju jaunietis un kuros bija antisem\u012btiski att\u0113li, v\u0113l\u0101k tika aizkl\u0101ti un galu gal\u0101 nomain\u012bti.\n\nB\u0113thgers bija V\u012bnes M\u0101kslinieku kooperat\u012bva, Reiha T\u0113lot\u0101jm\u0101kslas kameras un v\u0113l\u0101k profesion\u0101l\u0101s vizu\u0101lo m\u0101kslinieku asoci\u0101cijas Regensburg\u0101, k\u0101 ar\u012b Minhenes veco m\u0101kslinieku kooperat\u012bva biedrs. Vi\u0146\u0161 piedal\u012bj\u0101s daudz\u0101s grupu un person\u0101lizst\u0101d\u0113s, tostarp Ven\u0113cijas bienn\u0101l\u0113 1925. gad\u0101 un Lielaj\u0101s v\u0101cu m\u0101kslas izst\u0101d\u0113s Minhen\u0113 Tre\u0161\u0101 reiha laik\u0101.","link":"https:\/\/collection.galerie-gerdes.com\/lv\/c\/makslinieki\/rudolf-boettger-lv\/","name":"Rudolf B\u00f6ttger","slug":"rudolf-boettger-lv","taxonomy":"product_cat","parent":1865,"meta":[],"_links":{"self":[{"href":"https:\/\/collection.galerie-gerdes.com\/lv\/wp-json\/wp\/v2\/product_cat\/8931","targetHints":{"allow":["GET"]}}],"collection":[{"href":"https:\/\/collection.galerie-gerdes.com\/lv\/wp-json\/wp\/v2\/product_cat"}],"about":[{"href":"https:\/\/collection.galerie-gerdes.com\/lv\/wp-json\/wp\/v2\/taxonomies\/product_cat"}],"up":[{"embeddable":true,"href":"https:\/\/collection.galerie-gerdes.com\/lv\/wp-json\/wp\/v2\/product_cat\/1865"}],"wp:post_type":[{"href":"https:\/\/collection.galerie-gerdes.com\/lv\/wp-json\/wp\/v2\/product?product_cat=8931"}],"curies":[{"name":"wp","href":"https:\/\/api.w.org\/{rel}","templated":true}]}}