{"id":9431,"count":0,"description":"Mariu\u0161s Vulf\u0101rs (1905-1991), dzimis Par\u012bz\u0113 1905. gad\u0101, ir daudzpus\u012bgs m\u0101kslinieks, kur\u0161 str\u0101d\u0101jis k\u0101 gleznot\u0101js, gravieris, litogr\u0101fs, ilustrators un te\u0101tra m\u0101kslinieks. Vi\u0146a saknes ir krievu un ebreju izcelsmes, un vi\u0146a m\u0101kslinieciskais mantojums ir iespaid\u012bgs.\n\nVi\u0146a m\u0101ksliniecisk\u0101 aizrau\u0161an\u0101s aizs\u0101k\u0101s \u0123imen\u0113, \u012bpa\u0161i ar t\u0113vu Maksu Vulf\u0101rtu, kur\u0161 dzimis 1876. gad\u0101 Frauenburg\u0101, Krievij\u0101. Makss pabeidza Odesas M\u0101kslas akad\u0113miju un k\u013cuva paz\u012bstams k\u0101 gleznot\u0101js cariskaj\u0101 Krievij\u0101. 1903. gad\u0101 vi\u0146\u0161 p\u0101rc\u0113l\u0101s uz Par\u012bzi, lai sekotu Belle \u00c9poque m\u0101kslinieciskajam pulsam. Tur 1905. gad\u0101, divus gadus p\u0113c \u0123imenes iera\u0161an\u0101s Francij\u0101, piedzima vi\u0146a otrais d\u0113ls Marius.\n\nVulfartu \u0123imenes st\u0101sts ir l\u012bdz\u012bgs daudziem citiem, kuru v\u0101rdi kirilic\u0101 tika neprec\u012bzi p\u0101rrakst\u012bti, kad vi\u0146i emigr\u0113ja uz Franciju. Makss Vulf\u0101rts nol\u0113ma saglab\u0101t pareizo \u0123imenes v\u0101rdu, t\u0101p\u0113c Mariusu pareizi nosauca par Vulf\u0101rtu, nevis Vulf\u0101rtu. 1927. gad\u0101 visa \u0123imene naturaliz\u0113j\u0101s un sa\u0146\u0113ma Francijas pilson\u012bbu.\n\nMakss Vulfarts Francij\u0101 s\u0101ka m\u0101c\u012bbas no nulles un m\u0101c\u012bj\u0101s Nacion\u0101laj\u0101 t\u0113lot\u0101jm\u0101kslas skol\u0101 Par\u012bz\u0113. Vi\u0146a darbi regul\u0101ri tika izst\u0101d\u012bti Par\u012bzes salonos, un vi\u0146\u0161 pat tika apbalvots ar Goda le\u0123iona ordeni.\n\nMariu\u0161s izjuta cie\u0161u saikni ar savu t\u0113vu un bija aizr\u0101vies ar t\u0113va m\u0101ksliniecisko izpausmi. Vi\u0146\u0161 nol\u0113ma k\u013c\u016bt par gleznot\u0101ju, lai turpin\u0101tu att\u012bst\u012bt t\u0113va redz\u0113jumu, un vi\u0146\u0161 ieguva izgl\u012bt\u012bbu tie\u0161i t\u0113va darbn\u012bc\u0101.\n\nMariusa Vulfarta m\u0101kslinieka karjera galvenok\u0101rt norisin\u0101j\u0101s Francijas dienvidos. Savu darbn\u012bcu vi\u0146\u0161 izveidoja vispirms Kann\u0101s un v\u0113l\u0101k Gras\u0101, bet vi\u0146a darbi atrada pla\u0161u auditoriju vis\u0101 Francij\u0101 un t\u0101d\u0101s starptautisk\u0101s viet\u0101s k\u0101 Anglija, Kan\u0101da un Florida.\n\nVi\u0146a m\u0101ksliniecisk\u0101 kl\u0101tb\u016btne bija \u013coti paman\u0101ma Par\u012bz\u0113, jo vi\u0146\u0161 regul\u0101ri piedal\u012bj\u0101s izst\u0101d\u0113s Salon d'Automne un veidoja person\u0101lizst\u0101des t\u0101d\u0101s presti\u017e\u0101s galerij\u0101s k\u0101 Galerie du Vieux Colombier, Galerie des Champs Elys\u00e9es un Galerie Georges V. Vi\u0146a darbi ir da\u013ca no Par\u012bzes pils\u0113tas Modern\u0101s m\u0101kslas muzeja kolekcijas.\n\nMariu\u0161s jo \u012bpa\u0161i Francijas dienvidos atrada uzticamus sekot\u0101jus. Vi\u0146am patika izst\u0101d\u012bt savus darbus \u0161\u012b re\u0123iona siltaj\u0101 gaism\u0101, un vi\u0146\u0161 regul\u0101ri piedal\u012bj\u0101s Mentonas bienn\u0101l\u0113. Person\u0101lizst\u0101des t\u0101d\u0101s pils\u0113t\u0101s k\u0101 Nica, Grasa, Bordo, Antibas un Kannas vienm\u0113r tika labi uz\u0146emtas. Vi\u0146a kolekcion\u0101ru vid\u016b bija pat Monako k\u0146azu \u0123imene, tostarp Florence Gould.\n\nMariusa Vulfarta stilu caurvij dzeja, un vi\u0146a kompoz\u012bcijas vienm\u0113r ir r\u016bp\u012bgi p\u0101rdom\u0101tas, lai paustu harmoniju un mieru. Neraugoties uz pla\u0161o un drosm\u012bgo otas triepienu un bag\u0101t\u012bgo vizu\u0101lo valodu, vi\u0146a m\u0101ksla ir stingri iesak\u0146ojusies sav\u0101 laik\u0101 un taj\u0101 pa\u0161\u0101 laik\u0101 ir p\u0101rlaic\u012bga. Vi\u0146\u0161 nomira 1991. gad\u0101 Gras\u0101.","link":"https:\/\/collection.galerie-gerdes.com\/lv\/c\/makslinieki\/marius-woulfart-lv\/","name":"Marius Woulfart","slug":"marius-woulfart-lv","taxonomy":"product_cat","parent":1865,"meta":[],"_links":{"self":[{"href":"https:\/\/collection.galerie-gerdes.com\/lv\/wp-json\/wp\/v2\/product_cat\/9431","targetHints":{"allow":["GET"]}}],"collection":[{"href":"https:\/\/collection.galerie-gerdes.com\/lv\/wp-json\/wp\/v2\/product_cat"}],"about":[{"href":"https:\/\/collection.galerie-gerdes.com\/lv\/wp-json\/wp\/v2\/taxonomies\/product_cat"}],"up":[{"embeddable":true,"href":"https:\/\/collection.galerie-gerdes.com\/lv\/wp-json\/wp\/v2\/product_cat\/1865"}],"wp:post_type":[{"href":"https:\/\/collection.galerie-gerdes.com\/lv\/wp-json\/wp\/v2\/product?product_cat=9431"}],"curies":[{"name":"wp","href":"https:\/\/api.w.org\/{rel}","templated":true}]}}