{"id":1639,"count":0,"description":"Ferdinand G\u00f6tz werd in 1874 in F\u00fcrth geboren en stierf in 1941 in Parijs. Hij was Joods en legde zich professioneel toe op zowel architectuur als kunstschilderkunst.\n\nIn 1895 verhuisde G\u00f6tz naar M\u00fcnchen en begon zijn studie aan de Kunstacademie van M\u00fcnchen, waar hij onder andere les kreeg van de Duits-Amerikaanse kunstenaar, universitair docent en latere rector Carl von Marr. G\u00f6tz bleek een zeer veelzijdig kunstenaar te zijn. Hij cre\u00eberde decors, designmeubels en toneeldecors voor het theater. Vanaf 1900 werkte hij als illustrator voor het Duitse tijdschrift \u201cJugend\u201d, dat zijn naam gaf aan de latere \u201cJugendstil\u201d beweging.\n\nTussen 1899 en ongeveer 1928 was hij een vaste illustrator voor het satirische tijdschrift \u201cMeggendorfer Bl\u00e4tter\u201d en de \u201cFliegende Bl\u00e4tter\u201d, waar hij werkte als tekenaar en karikaturist. Vooral tussen 1930 en 1935 maakte hij ongeveer 80 tekeningen voor de \u201cFliegende Bl\u00e4tter\u201d.\n\nEen opmerkelijk project was zijn betrokkenheid bij de uitbreiding van het luxe Grand Hotel Continental in M\u00fcnchen in 1910. Samen met Ludwig Hohlwein was G\u00f6tz verantwoordelijk voor de toevoeging van een vierde verdieping en het interieurontwerp van de nieuwe vierde verdieping met 18 gastenkamers.\n\nZijn leven veranderde drastisch door de opkomst van het nationaalsocialisme. Als Jood werd hem het lidmaatschap van de Reichskammer der Bildenden K\u00fcnste ontzegd, waardoor hij vanaf 1936 in het buitenland moest gaan wonen. Uiteindelijk vestigde hij zich in Parijs, waar hij in 1941 overleed, waarschijnlijk door zelfmoord.","link":"https:\/\/collection.galerie-gerdes.com\/nl\/c\/kunstenaars\/ferdinand-gotz-nl\/","name":"Ferdinand G\u00f6tz","slug":"ferdinand-gotz-nl","taxonomy":"product_cat","parent":1858,"meta":[],"_links":{"self":[{"href":"https:\/\/collection.galerie-gerdes.com\/nl\/wp-json\/wp\/v2\/product_cat\/1639","targetHints":{"allow":["GET"]}}],"collection":[{"href":"https:\/\/collection.galerie-gerdes.com\/nl\/wp-json\/wp\/v2\/product_cat"}],"about":[{"href":"https:\/\/collection.galerie-gerdes.com\/nl\/wp-json\/wp\/v2\/taxonomies\/product_cat"}],"up":[{"embeddable":true,"href":"https:\/\/collection.galerie-gerdes.com\/nl\/wp-json\/wp\/v2\/product_cat\/1858"}],"wp:post_type":[{"href":"https:\/\/collection.galerie-gerdes.com\/nl\/wp-json\/wp\/v2\/product?product_cat=1639"}],"curies":[{"name":"wp","href":"https:\/\/api.w.org\/{rel}","templated":true}]}}