{"id":2389,"count":0,"description":"Alois Josef Benedicter ble f\u00f8dt i Dischingen 4. juni 1843 som s\u00f8nn av en fargemester. Hans kunstneriske karriere begynte da han som 14-\u00e5ring gikk i l\u00e6re hos sin fetter, kirke- og dekorasjonsmaleren Mathias Stadler, i Kelheim. I 1861 flyttet Benedicter til Stuttgart, der han arbeidet for en dekorasjonsmaler. Mellom 1863 og 1870 fortsatte han studiene ved det anerkjente kunstakademiet i M\u00fcnchen, der han ble undervist av anerkjente kunstnere som Hermann Ansch\u00fctz, Georg Hiltensperger, Alexander Str\u00e4huber og S\u00e1ndor Wagner.\n\nEtter endt utdannelse konsentrerte Benedicter seg f\u00f8rst og fremst om arkitekturmalerier i stort format. En skade han p\u00e5dro seg under den fransk-preussiske krigen i 1870\/71, tvang ham imidlertid til \u00e5 g\u00e5 over til mindre formater. Under reiser til Nederland og Belgia oppdaget Benedicter det nederlandske genremaleriet, og han begynte \u00e5 male b\u00e5de genremalerier, arkitekturbilder og interi\u00f8rer. I 1876 foretok Benedicter en reise til Italia.\n\nEtter at han giftet seg i 1879, bosatte Benedicter seg i Rothenburg ob der Tauber. I 1893 flyttet familien til Pasing, som i dag er en bydel i M\u00fcnchen, der Benedicter samme \u00e5r ble medlem av M\u00fcnchens kunstnerkooperativ. I sitt senere kunstnerskap viet Benedicter seg i \u00f8kende grad til landskapsmaleriet, selv om han ogs\u00e5 skapte figurative skildringer. Peter Wiench beskriver Benedicters stil i Allgemeines K\u00fcnstlerlexikon som \u00abteknisk perfekt, levende utformet og orientert mot nederlandsk genre- og landskapsmaleri\u00bb.\n\nAlois Josef Benedicter d\u00f8de 14. april 1931 i Pasing, som i dag er en bydel i M\u00fcnchen.","link":"https:\/\/collection.galerie-gerdes.com\/no\/c\/kunstnere-no\/alois-josef-benedicter-no\/","name":"Alois Josef BENEDICTER","slug":"alois-josef-benedicter-no","taxonomy":"product_cat","parent":1868,"meta":[],"_links":{"self":[{"href":"https:\/\/collection.galerie-gerdes.com\/no\/wp-json\/wp\/v2\/product_cat\/2389","targetHints":{"allow":["GET"]}}],"collection":[{"href":"https:\/\/collection.galerie-gerdes.com\/no\/wp-json\/wp\/v2\/product_cat"}],"about":[{"href":"https:\/\/collection.galerie-gerdes.com\/no\/wp-json\/wp\/v2\/taxonomies\/product_cat"}],"up":[{"embeddable":true,"href":"https:\/\/collection.galerie-gerdes.com\/no\/wp-json\/wp\/v2\/product_cat\/1868"}],"wp:post_type":[{"href":"https:\/\/collection.galerie-gerdes.com\/no\/wp-json\/wp\/v2\/product?product_cat=2389"}],"curies":[{"name":"wp","href":"https:\/\/api.w.org\/{rel}","templated":true}]}}