{"id":4676,"count":0,"description":"Berthold Franz Hellingrath ble f\u00f8dt 27. oktober 1877 i Elbing, Vest-Preussen, og d\u00f8de 15. desember 1954 i Hannover. Han var en anerkjent tysk maler, grafiker og universitetsl\u00e6rer.\n\nHellingrath var s\u00f8nn av en rhinlending og en schlesisk kvinne. Da han var fem \u00e5r gammel, flyttet han til Gdansk sammen med foreldrene, Bertha og Franz Hellingrath. Der fikk han sin f\u00f8rste kunstneriske utdannelse ved Provinzial-Kunstschule under veiledning av Wilhelm August Stryowski (1834-1917) og Bernhard Sturmhoefel (1853-1913). Deretter studerte han ved kunstakademiet i Dresden fra 1899 til 1905, hvor han var elev av Gotthardt Kuehl. Han begynte \u00e5 studere i Dresden etter r\u00e5d fra Arthur Bendrat, som han hadde m\u00f8tt under Bendrats studiereise til Danzig, og som han opprettholdt et livslangt vennskap med. Fra 1907 drev Hellingrath sitt eget atelier i Dresden, der han hadde kontakt med Erich Heckel, medstifter av kunstnergruppen \u00abDie Br\u00fccke\u00bb (1905), og Max Pechstein. Han reiste ogs\u00e5 ofte til \u00d8stersj\u00f8en og oppholdt seg ofte i Gdansk.\n\nI 1925 ble Hellingrath utnevnt til foreleser i arkitekturmaleri, proporsjonsteori og frih\u00e5ndstegning for sivilingeni\u00f8rer ved det tekniske universitetet i Hannover. I 1928 ble han utnevnt til \u00e6resprofessor som en anerkjennelse for sine prestasjoner.\n\nDen 1. mai 1933 meldte han seg inn i NSDAP (medlemsnummer 2 956 334) og ble ogs\u00e5 medlem av den nasjonalsosialistiske tyske lektorforeningen (NSDDB). I oktober 1935 ble han imidlertid fratatt sine verv i partiet p\u00e5 livstid. Nasjonalsosialistene avviste maleriet hans, noe som f\u00f8rte til at Hellingrath i 1937 ble utvist fra Reichskunstkammer for \u00abfremmedmaleri\u00bb. En stor del av verkene hans gikk ugjenkallelig tapt i bombeangrep.","link":"https:\/\/collection.galerie-gerdes.com\/no\/c\/kunstnere-no\/berthold-hellingrath-no\/","name":"Berthold HELLINGRATH","slug":"berthold-hellingrath-no","taxonomy":"product_cat","parent":1868,"meta":[],"_links":{"self":[{"href":"https:\/\/collection.galerie-gerdes.com\/no\/wp-json\/wp\/v2\/product_cat\/4676","targetHints":{"allow":["GET"]}}],"collection":[{"href":"https:\/\/collection.galerie-gerdes.com\/no\/wp-json\/wp\/v2\/product_cat"}],"about":[{"href":"https:\/\/collection.galerie-gerdes.com\/no\/wp-json\/wp\/v2\/taxonomies\/product_cat"}],"up":[{"embeddable":true,"href":"https:\/\/collection.galerie-gerdes.com\/no\/wp-json\/wp\/v2\/product_cat\/1868"}],"wp:post_type":[{"href":"https:\/\/collection.galerie-gerdes.com\/no\/wp-json\/wp\/v2\/product?product_cat=4676"}],"curies":[{"name":"wp","href":"https:\/\/api.w.org\/{rel}","templated":true}]}}