{"id":7704,"count":0,"description":"Michel Wagner ble f\u00f8dt 20. desember 1893 i Muschenried\/Oberpfalz og d\u00f8de 3. desember 1965 i M\u00fcnchen. Han var en tysk maler og billedhugger, kjent som medlem av Juryfreie Kunstausstellung og Neue Gruppe, og regnes som en del av den tapte generasjon.\n\nSom s\u00f8nn av bondeparet Georg og Barbara Wagner vokste han opp i et landlig milj\u00f8, noe som senere ofte dukket opp som motiv i verkene hans. Som 15-\u00e5ring forlot han foreldrenes g\u00e5rd for \u00e5 begynne i bakerl\u00e6re i M\u00fcnchen. Der begynte han ogs\u00e5 \u00e5 lage sine f\u00f8rste tegninger, og han sendte noen av dem til Franz von Defregger, som reagerte oppmuntrende. I 1910 reiste Wagner til fots fra M\u00fcnchen til Hamburg, hvor han tok hyre p\u00e5 et frakteskip. Da f\u00f8rste verdenskrig br\u00f8t ut, vervet han seg til marinen.\n\nEtter krigen, i 1921, bestemte Wagner seg for \u00e5 satse p\u00e5 et liv i og med kunsten. Han videreutviklet sine autodidakte ferdigheter ved \u00e5 bli elev av Lovis Corinth og Stanislaus St\u00fcckgold. Allerede i 1923 stilte han ut p\u00e5 den \u00e5rlige kunstutstillingen i M\u00fcnchens Glaspalast. Deretter fulgte en studiereise til Brasil i 1923\/1924, som ble omtalt i K\u00f6lnische Volkszeitung. Etter hjemkomsten giftet han seg med maleren Else S\u00e4ulen og bosatte seg i Hohensch\u00e4ftlarn i n\u00e6rheten av M\u00fcnchen.\n\nP\u00e5 1930-tallet var Wagner s\u00e6rlig aktiv i utstillingsvirksomhet, men dette fikk en br\u00e5 slutt etter nasjonalsosialistenes maktovertakelse. Etter krigen deltok han p\u00e5 den f\u00f8rste utstillingen av moderne maleri i Bayern, \u00abMalere av i dag\u00bb, i Schaezlerpalais i Augsburg. Arbeidene hans ble vist i alle vestlige okkupasjonssoner frem til 1949. I \u00e5rene som fulgte, deltok han p\u00e5 en rekke gruppeutstillinger i Tyskland og i utlandet.\n\nWagner flyttet til M\u00fcnchen med sin kone i 1952, hvor han d\u00f8de ett \u00e5r etter hennes d\u00f8d. Han testamenterte huset sitt i Hohensch\u00e4ftlarn til Deutsche K\u00fcnstlerhilfe.\n\nWagner ble hedret posthumt med maleriet \u00abSeilt\u00e4nzer\u00bb p\u00e5 spesialutstillingen \u00abDrei Jahrzehnte Neue Gruppe\u00bb p\u00e5 Gro\u00dfe Kunstausstellung M\u00fcnchen.\n\nArbeidene hans har v\u00e6rt vist p\u00e5 en rekke utstillinger, blant annet i Glaspalast i M\u00fcnchen, Kunsthalle Bremen, Berlin Secession og St\u00e4dtische Galerie i M\u00fcnchen. Verkene hans finnes ogs\u00e5 i offentlige samlinger som Bayerische Staatssammlung, St\u00e4dtische Galerie im Lenbachhaus, Galerie Neue Meister i Dresden og museet i Richmond, Virginia.","link":"https:\/\/collection.galerie-gerdes.com\/no\/c\/kunstnere-no\/michel-wagner-no\/","name":"Michel Wagner","slug":"michel-wagner-no","taxonomy":"product_cat","parent":1868,"meta":[],"_links":{"self":[{"href":"https:\/\/collection.galerie-gerdes.com\/no\/wp-json\/wp\/v2\/product_cat\/7704","targetHints":{"allow":["GET"]}}],"collection":[{"href":"https:\/\/collection.galerie-gerdes.com\/no\/wp-json\/wp\/v2\/product_cat"}],"about":[{"href":"https:\/\/collection.galerie-gerdes.com\/no\/wp-json\/wp\/v2\/taxonomies\/product_cat"}],"up":[{"embeddable":true,"href":"https:\/\/collection.galerie-gerdes.com\/no\/wp-json\/wp\/v2\/product_cat\/1868"}],"wp:post_type":[{"href":"https:\/\/collection.galerie-gerdes.com\/no\/wp-json\/wp\/v2\/product?product_cat=7704"}],"curies":[{"name":"wp","href":"https:\/\/api.w.org\/{rel}","templated":true}]}}