{"id":10127,"count":0,"description":"Adam Brenner urodzi\u0142 si\u0119 w Wiedniu 21 grudnia 1800 roku i zmar\u0142 w tym samym mie\u015bcie 22 kwietnia 1891 roku. By\u0142 szanowanym austriackim malarzem i do\u0142\u0105czy\u0142 do wiede\u0144skiego K\u00fcnstlerhaus w 1869 roku. Kszta\u0142ci\u0142 si\u0119 w wiede\u0144skiej Akademii Sztuk Pi\u0119knych pod kierunkiem L. Kupelwiesera i G. F. Waldm\u00fcllera. Pocz\u0105tkowo specjalizowa\u0142 si\u0119 w malowaniu scen historycznych, p\u00f3\u017aniej coraz cz\u0119\u015bciej zajmowa\u0142 si\u0119 portretami, martwymi naturami i scenami rodzajowymi.","link":"https:\/\/collection.galerie-gerdes.com\/pl\/c\/artysci\/adam-brenner-pl-2\/","name":"Adam BRENNER","slug":"adam-brenner-pl-2","taxonomy":"product_cat","parent":10124,"meta":[],"_links":{"self":[{"href":"https:\/\/collection.galerie-gerdes.com\/pl\/wp-json\/wp\/v2\/product_cat\/10127","targetHints":{"allow":["GET"]}}],"collection":[{"href":"https:\/\/collection.galerie-gerdes.com\/pl\/wp-json\/wp\/v2\/product_cat"}],"about":[{"href":"https:\/\/collection.galerie-gerdes.com\/pl\/wp-json\/wp\/v2\/taxonomies\/product_cat"}],"up":[{"embeddable":true,"href":"https:\/\/collection.galerie-gerdes.com\/pl\/wp-json\/wp\/v2\/product_cat\/10124"}],"wp:post_type":[{"href":"https:\/\/collection.galerie-gerdes.com\/pl\/wp-json\/wp\/v2\/product?product_cat=10127"}],"curies":[{"name":"wp","href":"https:\/\/api.w.org\/{rel}","templated":true}]}}