{"id":10136,"count":0,"description":"Albert Staehle urodzi\u0142 si\u0119 w Monachium w Niemczech w 1899 roku i zmar\u0142 w USA w 1974 roku. Swoj\u0105 karier\u0119 rozpocz\u0105\u0142 jako niemiecko-ameryka\u0144ski malarz i ilustrator w Meggendorfer Bl\u00e4tter w Monachium. W obliczu rosn\u0105cego upolitycznienia i nacjonalizacji w Niemczech zdecydowa\u0142 si\u0119 opu\u015bci\u0107 kraj i spr\u00f3bowa\u0107 szcz\u0119\u015bcia w USA - przedsi\u0119wzi\u0119cie, kt\u00f3re z powodzeniem zrealizowa\u0142.\n\nOd ko\u0144ca lat 30. do po\u0142owy lat 60. Albert Staehle by\u0142 jednym z najbardziej znanych ameryka\u0144skich ilustrator\u00f3w. Praktycznie urodzi\u0142 si\u0119 z umiej\u0119tno\u015bciami artystycznymi, poniewa\u017c zar\u00f3wno jego ojciec, jak i dziadek ze strony matki byli artystami. Staehle studiowa\u0142 sztuk\u0119 w Wicker School w Detroit oraz w Art Students League w Nowym Jorku i regularnie ucz\u0119szcza\u0142 na kolejne kursy artystyczne, aby stale doskonali\u0107 swoje umiej\u0119tno\u015bci.\n\nW 1937 roku Staehle wygra\u0142 konkurs na plakat z ilustracj\u0105 krowy karmi\u0105cej swoje ciel\u0119 butelk\u0105 mleka Borden. Firma Borden rozwin\u0119\u0142a p\u00f3\u017aniej ten motyw w swojej d\u0142ugotrwa\u0142ej kampanii \u201eElsie the Cow\u201d. Nagrodzony plakat Staehle'a by\u0142 tak udany, \u017ce natychmiast zosta\u0142 uznany za eksperta w dziedzinie ilustracji zwierz\u0105t.\n\nKolejnym wydarzeniem w jego karierze by\u0142 plakat na Targi \u015awiatowe w Nowym Jorku w 1939 roku, kt\u00f3ry by\u0142 jedn\u0105 z najbardziej cenionych ilustracji na wystawie. Obraz kontrastuje jasne kolory w tle, pokazuj\u0105c peryskop Trylon i fajerwerki na niebie, z ciemniejszymi kolorami na pierwszym planie, gdzie przedstawieni s\u0105 ludzie, w tym centralna posta\u0107 atrakcyjnie i formalnie ubranej kobiety machaj\u0105cej r\u0119k\u0105.","link":"https:\/\/collection.galerie-gerdes.com\/pl\/c\/artysci\/albert-staehle-pl\/","name":"Albert Staehle","slug":"albert-staehle-pl","taxonomy":"product_cat","parent":10124,"meta":[],"_links":{"self":[{"href":"https:\/\/collection.galerie-gerdes.com\/pl\/wp-json\/wp\/v2\/product_cat\/10136","targetHints":{"allow":["GET"]}}],"collection":[{"href":"https:\/\/collection.galerie-gerdes.com\/pl\/wp-json\/wp\/v2\/product_cat"}],"about":[{"href":"https:\/\/collection.galerie-gerdes.com\/pl\/wp-json\/wp\/v2\/taxonomies\/product_cat"}],"up":[{"embeddable":true,"href":"https:\/\/collection.galerie-gerdes.com\/pl\/wp-json\/wp\/v2\/product_cat\/10124"}],"wp:post_type":[{"href":"https:\/\/collection.galerie-gerdes.com\/pl\/wp-json\/wp\/v2\/product?product_cat=10136"}],"curies":[{"name":"wp","href":"https:\/\/api.w.org\/{rel}","templated":true}]}}