{"id":10218,"count":0,"description":"Eduard Deventer, urodzony 12 lipca 1864 roku w Hamm i zmar\u0142y w Berlinie w 1928 roku, by\u0142 malarzem.\n\nEduard Deventer sp\u0119dzi\u0142 dzieci\u0144stwo w domu swoich rodzic\u00f3w przy Kentroper Weg 40 w Hamm. By\u0142 najstarszym z pi\u0119ciorga dzieci Bernharda i Johanny Deventer-Isselhorst. Jego ojciec pracowa\u0142 jako rysownik, co by\u0142o w\u00f3wczas powszechnym zawodem w Hamm.\n\nW 1925 roku Eduard Deventer mieszka\u0142 w Zehlendorf pod Berlinem. Rozpocz\u0105\u0142 karier\u0119 artystyczn\u0105 jako rzemie\u015blnik, a nast\u0119pnie zosta\u0142 studentem szk\u00f3\u0142 artystycznych i rzemie\u015blniczych w D\u00fcsseldorfie i Monachium. Po studiach na Akademii Sztuki w Berlinie odby\u0142 liczne podr\u00f3\u017ce artystyczne. Wi\u0119kszo\u015b\u0107 jego dzie\u0142, w tym pejza\u017ce z W\u0142och i Niemiec, portrety cesarzy i inne portrety, znajduje si\u0119 w r\u0119kach prywatnych. Malowa\u0142 i prezentowa\u0142 obrazy, akwarele i rysunki m.in. w Muzeum Gustava L\u00fcbcke.","link":"https:\/\/collection.galerie-gerdes.com\/pl\/c\/artysci\/eduard-deventer-pl\/","name":"Eduard Deventer","slug":"eduard-deventer-pl","taxonomy":"product_cat","parent":10124,"meta":[],"_links":{"self":[{"href":"https:\/\/collection.galerie-gerdes.com\/pl\/wp-json\/wp\/v2\/product_cat\/10218","targetHints":{"allow":["GET"]}}],"collection":[{"href":"https:\/\/collection.galerie-gerdes.com\/pl\/wp-json\/wp\/v2\/product_cat"}],"about":[{"href":"https:\/\/collection.galerie-gerdes.com\/pl\/wp-json\/wp\/v2\/taxonomies\/product_cat"}],"up":[{"embeddable":true,"href":"https:\/\/collection.galerie-gerdes.com\/pl\/wp-json\/wp\/v2\/product_cat\/10124"}],"wp:post_type":[{"href":"https:\/\/collection.galerie-gerdes.com\/pl\/wp-json\/wp\/v2\/product?product_cat=10218"}],"curies":[{"name":"wp","href":"https:\/\/api.w.org\/{rel}","templated":true}]}}