{"id":10292,"count":0,"description":"Geo F\u00fcrst, niemiecki malarz pejza\u017cysta i marynista, rysownik, fotograf i autor, urodzi\u0142 si\u0119 w Norymberdze w 1888 roku, a zmar\u0142 w Monachium w 1964 roku. By\u0142 w du\u017cej mierze samoukiem. Pocz\u0105tkowo mieszka\u0142 w La Valletta na Malcie, gdzie by\u0142 internowany podczas I wojny \u015bwiatowej. Tam pozna\u0142 Fritza Leopolda Henninga-Danziga (1895-1951), kt\u00f3ry nauczy\u0142 go malarstwa olejnego.\n\nPo I wojnie \u015bwiatowej F\u00fcrst kontynuowa\u0142 sw\u00f3j rozw\u00f3j artystyczny w szkole malarstwa Moritza Heymanna w Monachium. Do 1938 r. regularnie sp\u0119dza\u0142 zimowe miesi\u0105ce na Malcie, gdzie pracowa\u0142 r\u00f3wnie\u017c jako nauczyciel j\u0119zyka niemieckiego, m.in. dla lorda Louisa Mountbattena. Od 1938 r. mieszka\u0142 na sta\u0142e w Monachium.\n\nGeo F\u00fcrst odby\u0142 podr\u00f3\u017ce studyjne do Hiszpanii, Korsyki, Dalmacji, Anglii, W\u0142och, Ameryki P\u00f3\u0142nocnej i Afryki, kt\u00f3re mia\u0142y znacz\u0105cy wp\u0142yw na jego rozw\u00f3j artystyczny. By\u0142 cz\u0142onkiem Feldgrauen K\u00fcnstlerbund M\u00fcnchen i dzia\u0142a\u0142 g\u0142\u00f3wnie jako artysta w Monachium.","link":"https:\/\/collection.galerie-gerdes.com\/pl\/c\/artysci\/georg-fuerst-pl\/","name":"Georg F\u00fcrst","slug":"georg-fuerst-pl","taxonomy":"product_cat","parent":10124,"meta":[],"_links":{"self":[{"href":"https:\/\/collection.galerie-gerdes.com\/pl\/wp-json\/wp\/v2\/product_cat\/10292","targetHints":{"allow":["GET"]}}],"collection":[{"href":"https:\/\/collection.galerie-gerdes.com\/pl\/wp-json\/wp\/v2\/product_cat"}],"about":[{"href":"https:\/\/collection.galerie-gerdes.com\/pl\/wp-json\/wp\/v2\/taxonomies\/product_cat"}],"up":[{"embeddable":true,"href":"https:\/\/collection.galerie-gerdes.com\/pl\/wp-json\/wp\/v2\/product_cat\/10124"}],"wp:post_type":[{"href":"https:\/\/collection.galerie-gerdes.com\/pl\/wp-json\/wp\/v2\/product?product_cat=10292"}],"curies":[{"name":"wp","href":"https:\/\/api.w.org\/{rel}","templated":true}]}}