{"id":10378,"count":0,"description":"Hermann Busse, urodzony 25 lutego 1883 r. w L\u00fctkendorf i zmar\u0142y 8 stycznia 1970 r. w Heilbronn, by\u0142 niemieckim malarzem.\nUrodzi\u0142 si\u0119 w L\u00fctkendorf jako czwarte i ostatnie dziecko stolarza Wilhelma Busse i jego \u017cony Wilhelmine Thurmann. Ucz\u0119szcza\u0142 do lokalnej szko\u0142y podstawowej, a nast\u0119pnie uko\u0144czy\u0142 siedmioletni sta\u017c jako malarz w Putlitz, gdzie specjalizowa\u0142 si\u0119 w dekoracyjnym malarstwie \u015bciennym. Po uko\u0144czeniu praktyki, w latach 1906-1907 wyruszy\u0142 w dwuletni\u0105 podr\u00f3\u017c edukacyjn\u0105 po Niemczech, Szwajcarii, Austrii i W\u0142oszech. W latach 1907-1912 mieszka\u0142 na przemian w Berlinie, gdzie rozwija\u0142 swoj\u0105 karier\u0119 artystyczn\u0105, oraz w L\u00fctkendorf, gdzie wspiera\u0142 swoich rodzic\u00f3w. Opr\u00f3cz pracy w berli\u0144skim studiu malarskim E. Delorette, pracowa\u0142 r\u00f3wnie\u017c jako niezale\u017cny artysta i zosta\u0142 nagrodzony srebrnym medalem za trzy swoje obrazy na Jubileuszowej Wystawie Handlowej w Perlebergu w 1911 roku.\nDzi\u0119ki wsparciu rycerskiego dyrektora von Freiera, Busse otrzyma\u0142 dotacj\u0119 w wysoko\u015bci 1000 z\u0142otych marek od Brandenburskiego Komitetu Prowincjonalnego, co umo\u017cliwi\u0142o mu zapisanie si\u0119 na Akademi\u0119 Sztuk Pi\u0119knych w Berlinie w 1914 roku. Jednak jego edukacja akademicka zosta\u0142a przerwana w latach 1915-1919 przez s\u0142u\u017cb\u0119 w marynarce wojennej jako rezerwista. Po odbyciu s\u0142u\u017cby wojskowej kontynuowa\u0142 studia u profesora Arthura Krapfa, a w 1920 roku zosta\u0142 uczniem profesora Olofa Jernberga. W latach 1919 i 1920 odby\u0142 podr\u00f3\u017ce studyjne do Turyngii i Wirtembergii, gdzie pozna\u0142 swoj\u0105 przysz\u0142\u0105 \u017con\u0119 Leni Kieser. Od tego momentu sp\u0119dza\u0142 lato w Jagstfeld, a zim\u0119 w Berlinie.\nBusse bra\u0142 udzia\u0142 w Wielkich Berli\u0144skich Wystawach Sztuki w latach 1921, 1922 i 1924, po czym w 1924 r. z powodu kryzysu gospodarczego przeni\u00f3s\u0142 si\u0119 do Jagstfeld, aby zamieszka\u0107 z \u017con\u0105. W kolejnych latach bra\u0142 udzia\u0142 w wystawach w monachijskim Glaspalast, a w 1930 roku otworzy\u0142 w\u0142asn\u0105 przestrze\u0144 wystawiennicz\u0105 w Jagstfeld. Zosta\u0142 cz\u0142onkiem Stowarzyszenia Artyst\u00f3w Heilbronn i malowa\u0142 razem z Wilhelmem Sch\u00e4fferem. Po 1933 r. Busse zasiada\u0142 r\u00f3wnie\u017c w radzie miejskiej nowo utworzonej gminy Bad Friedrichshall i przez pewien czas by\u0142 zast\u0119pc\u0105 burmistrza.\nPodczas II wojny \u015bwiatowej cz\u0119\u015b\u0107 jego wczesnych prac w Berlinie zosta\u0142a zniszczona w 1944 roku, a zajazd w Jagstfeld w 1945 roku. Po wojnie jego odrestaurowane studio i sale wystawowe by\u0142y wykorzystywane jako zakwaterowanie dla uchod\u017ac\u00f3w, co sk\u0142oni\u0142o go do cz\u0119stszego malowania w plenerze.\nW 1953 roku wzi\u0105\u0142 udzia\u0142 w wystawie zbiorowej w W\u00fcrttembergischer Kunstverein Stuttgart i Heilbronn, a w 1955 roku za\u0142o\u017cy\u0142 Jagstfelder Kreis, lu\u017ane stowarzyszenie artyst\u00f3w. W 1960 roku musia\u0142 opu\u015bci\u0107 swoje pokoje w gospodzie Sch\u00f6ne Aussicht i przeni\u00f3s\u0142 si\u0119 do Heilbronn. W 1963 roku Kunstverein Heilbronn zorganizowa\u0142o retrospektyw\u0119 z okazji 80. urodzin Busse. Hermann Busse zmar\u0142 w Heilbronn 8 stycznia 1970 roku. W tym samym roku w Muzeum Historycznym Miasta Heilbronn odby\u0142a si\u0119 wystawa pami\u0105tkowa, a w 1980 roku Muzeum Miejskie w Heilbronn ponownie zaprezentowa\u0142o wystaw\u0119 prac malarza.","link":"https:\/\/collection.galerie-gerdes.com\/pl\/c\/artysci\/hermann-busse-pl\/","name":"Hermann Busse","slug":"hermann-busse-pl","taxonomy":"product_cat","parent":10124,"meta":[],"_links":{"self":[{"href":"https:\/\/collection.galerie-gerdes.com\/pl\/wp-json\/wp\/v2\/product_cat\/10378","targetHints":{"allow":["GET"]}}],"collection":[{"href":"https:\/\/collection.galerie-gerdes.com\/pl\/wp-json\/wp\/v2\/product_cat"}],"about":[{"href":"https:\/\/collection.galerie-gerdes.com\/pl\/wp-json\/wp\/v2\/taxonomies\/product_cat"}],"up":[{"embeddable":true,"href":"https:\/\/collection.galerie-gerdes.com\/pl\/wp-json\/wp\/v2\/product_cat\/10124"}],"wp:post_type":[{"href":"https:\/\/collection.galerie-gerdes.com\/pl\/wp-json\/wp\/v2\/product?product_cat=10378"}],"curies":[{"name":"wp","href":"https:\/\/api.w.org\/{rel}","templated":true}]}}