{"id":10425,"count":0,"description":"Josef Anton Engelhart urodzi\u0142 si\u0119 w Wiedniu 19 sierpnia 1864 roku i zmar\u0142 w tym samym mie\u015bcie 19 grudnia 1941 roku. By\u0142 austriackim malarzem i rze\u017abiarzem, kt\u00f3ry odegra\u0142 wa\u017cn\u0105 rol\u0119 na wiede\u0144skiej scenie artystycznej oko\u0142o 1900 roku. By\u0142 tak\u017ce jednym ze wsp\u00f3\u0142za\u0142o\u017cycieli Secesji Wiede\u0144skiej.\n\nJosef Engelhart pochodzi\u0142 z rodziny artyst\u00f3w. Jego rodzicami byli rze\u017anik Josef Anton Engelhart (1838-1900) i Maria Apfelthaler (1842-1933). Dorasta\u0142 w Erdberg i najpierw ucz\u0119szcza\u0142 do Oberrealschule przy Radetzkystra\u00dfe, a nast\u0119pnie studiowa\u0142 na Akademii Sztuk Pi\u0119knych w Wiedniu, a p\u00f3\u017aniej na Akademii Sztuk Pi\u0119knych w Monachium. Tam by\u0142 nauczany przez renomowanych nauczycieli, takich jak Gabriel von Hackl, Johann Caspar Herterich i Ludwig L\u00f6fftz.\n\nPo powrocie do Wiednia w 1887 roku Engelhart do\u0142\u0105czy\u0142 do stowarzyszenia artyst\u00f3w Hagengesellschaft i zosta\u0142 cz\u0142onkiem Genossenschaft bildender K\u00fcnstler Wiens. Jego prace zosta\u0142y po raz pierwszy wystawione w Wiedniu w 1888 roku. P\u00f3\u017aniej podr\u00f3\u017cowa\u0142 do Pary\u017ca i Hiszpanii, zanim ostatecznie osiad\u0142 w Wiedniu.\n\nEngelhart by\u0142 wa\u017cnym przedstawicielem Secesji Wiede\u0144skiej, ruchu, kt\u00f3ry oddzieli\u0142 si\u0119 od konserwatywnych tendencji wiede\u0144skiego K\u00fcnstlerhaus. Przez pewien czas pe\u0142ni\u0142 nawet funkcj\u0119 prezesa tego stowarzyszenia. Jego intensywne podr\u00f3\u017ce i umiej\u0119tno\u015bci organizacyjne znacz\u0105co przyczyni\u0142y si\u0119 do sukcesu Secesji.\n\nJako artysta Engelhart po\u015bwi\u0119ci\u0142 si\u0119 przede wszystkim przedstawianiu ludzi w swoich pracach, czy to w aktach, portretach czy scenach spo\u0142ecznych. Jego malarstwo by\u0142o pod wp\u0142ywem francuskiego impresjonizmu, co jest szczeg\u00f3lnie widoczne w jego traktowaniu koloru i \u015bwiat\u0142a.\n\nPo wybuchu I wojny \u015bwiatowej Engelhart aktywnie zaanga\u017cowa\u0142 si\u0119 w pomoc rannym i zg\u0142osi\u0142 si\u0119 na ochotnika na front jako malarz wojenny. Jego prace z tego okresu odzwierciedlaj\u0105 cierpienie i n\u0119dz\u0119 wojny.\n\nPomimo swojej dawnej s\u0142awy, Engelhart by\u0142 coraz bardziej zapomniany po swojej \u015bmierci. Dopiero w ostatnich latach jego tw\u00f3rczo\u015b\u0107 zosta\u0142a odkryta na nowo i ponownie cieszy si\u0119 wi\u0119kszym zainteresowaniem. Jego c\u00f3rka Elisabeth by\u0142a \u017con\u0105 fizyka i wynalazcy Roberta von Neumann-Ettenreicha, znanego jako Robert Ettenreich po 1919 roku.","link":"https:\/\/collection.galerie-gerdes.com\/pl\/c\/artysci\/josef-engelhart-pl\/","name":"Josef Engelhart","slug":"josef-engelhart-pl","taxonomy":"product_cat","parent":10124,"meta":[],"_links":{"self":[{"href":"https:\/\/collection.galerie-gerdes.com\/pl\/wp-json\/wp\/v2\/product_cat\/10425","targetHints":{"allow":["GET"]}}],"collection":[{"href":"https:\/\/collection.galerie-gerdes.com\/pl\/wp-json\/wp\/v2\/product_cat"}],"about":[{"href":"https:\/\/collection.galerie-gerdes.com\/pl\/wp-json\/wp\/v2\/taxonomies\/product_cat"}],"up":[{"embeddable":true,"href":"https:\/\/collection.galerie-gerdes.com\/pl\/wp-json\/wp\/v2\/product_cat\/10124"}],"wp:post_type":[{"href":"https:\/\/collection.galerie-gerdes.com\/pl\/wp-json\/wp\/v2\/product?product_cat=10425"}],"curies":[{"name":"wp","href":"https:\/\/api.w.org\/{rel}","templated":true}]}}