{"id":10444,"count":0,"description":"J\u00e1n Mudroch (Senice, 28 marca 1909 - Bratys\u0142awa, 4 lutego 1968) by\u0142 s\u0142owackim malarzem i nauczycielem. Jeden z najwa\u017cniejszych artyst\u00f3w s\u0142owackiego modernizmu.\n\nW latach 1931-1937 studiowa\u0142 na Akademii Sztuk Pi\u0119knych w Pradze. Jako student pozna\u0142 tam najwa\u017cniejszych przedstawicieli pokolenia 1909. W 1937 roku powr\u00f3ci\u0142 na S\u0142owacj\u0119. Uczy\u0142 w Szkole Sztuki i Rzemios\u0142a Artystycznego. By\u0142 jednym ze s\u0142owackich artyst\u00f3w, kt\u00f3rzy zareagowali na okropno\u015bci hiszpa\u0144skiej wojny domowej. Od 1939 roku by\u0142 wyk\u0142adowc\u0105 na Wydziale Rysunku S\u0142owackiego Uniwersytetu Technicznego w Bratys\u0142awie. W 1941 r. przesta\u0142 jednak uczy\u0107 z powodu swoich antyfaszystowskich pogl\u0105d\u00f3w i zosta\u0142 wydalony ze S\u0142owackiego Zwi\u0105zku Artyst\u00f3w. Podczas II wojny \u015bwiatowej by\u0142 cz\u0119sto krytykowany artystycznie i humanitarnie za swoje g\u0142o\u015bne antywojenne pogl\u0105dy. W 1946 r. zosta\u0142 mianowany profesorem na Wydziale Rysunku i Malarstwa SV\u0160T, a nast\u0119pnie na Wydziale Edukacji Uniwersytetu S\u0142owackiego. W 1950 roku zosta\u0142 mianowany rektorem nowo powsta\u0142ej Akademii Sztuk Pi\u0119knych w Bratys\u0142awie. Bra\u0142 r\u00f3wnie\u017c udzia\u0142 w tworzeniu S\u0142owackiej Galerii Narodowej.\n\nBra\u0142 udzia\u0142 w tworzeniu profesjonalnych czasopism i antologii surrealistycznych (Sen i rzeczywisto\u015b\u0107). Malowa\u0142 g\u0142\u00f3wnie w technice olejnej na p\u0142\u00f3tnie. Koncentrowa\u0142 si\u0119 g\u0142\u00f3wnie na malarstwie figuratywnym i martwych naturach, u\u017cywaj\u0105c metafor i symboli. Przed wojn\u0105 malowa\u0142 obrazy zaanga\u017cowane spo\u0142ecznie i ponure (Zamordowany poeta, Katastrofa) oraz o tematyce wiejskiej (Krowa). Jego arcydzie\u0142a pochodz\u0105 z okresu II wojny \u015bwiatowej (Nieszcz\u0119\u015bcie). Po wojnie charakteryzowa\u0142 go styl poetyckiego realizmu (Matka z dzieckiem na plecach, Macierzy\u0144stwo, Le\u017c\u0105ca dziewczyna).\n\nW 1963 r. otrzyma\u0142 tytu\u0142 Zas\u0142u\u017conego Artysty, a w 1968 r. zosta\u0142 uznany za Artyst\u0119 Narodowego.","link":"https:\/\/collection.galerie-gerdes.com\/pl\/c\/artysci\/jan-mudroch-pl\/","name":"J\u00e1n MUDROCH","slug":"jan-mudroch-pl","taxonomy":"product_cat","parent":10124,"meta":[],"_links":{"self":[{"href":"https:\/\/collection.galerie-gerdes.com\/pl\/wp-json\/wp\/v2\/product_cat\/10444","targetHints":{"allow":["GET"]}}],"collection":[{"href":"https:\/\/collection.galerie-gerdes.com\/pl\/wp-json\/wp\/v2\/product_cat"}],"about":[{"href":"https:\/\/collection.galerie-gerdes.com\/pl\/wp-json\/wp\/v2\/taxonomies\/product_cat"}],"up":[{"embeddable":true,"href":"https:\/\/collection.galerie-gerdes.com\/pl\/wp-json\/wp\/v2\/product_cat\/10124"}],"wp:post_type":[{"href":"https:\/\/collection.galerie-gerdes.com\/pl\/wp-json\/wp\/v2\/product?product_cat=10444"}],"curies":[{"name":"wp","href":"https:\/\/api.w.org\/{rel}","templated":true}]}}