{"id":10667,"count":0,"description":"Wilhelm Thelen (1917-1985) by\u0142 uznanym niemieckim artyst\u0105 znanym z imponuj\u0105cych obraz\u00f3w pejza\u017cowych i figuralnych. Urodzony w Oberhausen i zmar\u0142y w D\u00fcsseldorfie, Thelen pozostawi\u0142 po sobie znacz\u0105c\u0105 spu\u015bcizn\u0119 artystyczn\u0105.\n\nThelen zdoby\u0142 swoj\u0105 wiedz\u0119 i umiej\u0119tno\u015bci artystyczne studiuj\u0105c w Akademii Sztuki w D\u00fcsseldorfie (AK D\u00fcsseldorf), gdzie dalej rozwija\u0142 sw\u00f3j talent pod okiem znanych nauczycieli, takich jak Schmurr i Heuser. Swoje umiej\u0119tno\u015bci pog\u0142\u0119bia\u0142 r\u00f3wnie\u017c poprzez prywatne lekcje u znanego malarza Jo Strahna.\n\nJego tw\u00f3rczo\u015b\u0107 artystyczna charakteryzowa\u0142a si\u0119 mistrzowskim przedstawianiem krajobraz\u00f3w i postaci. Jego prace odzwierciedla\u0142y niezwyk\u0142\u0105 wra\u017cliwo\u015b\u0107 na kolory i formy oraz przekazywa\u0142y g\u0142\u0119boki zwi\u0105zek z natur\u0105 i ludzk\u0105 egzystencj\u0105.\n\nOpr\u00f3cz w\u0142asnego malarstwa, Wilhelm Thelen by\u0142 r\u00f3wnie\u017c zaanga\u017cowany we wspieranie wschodz\u0105cych artyst\u00f3w. Za\u0142o\u017cy\u0142 w\u0142asn\u0105 szko\u0142\u0119 malarstwa w D\u00fcsseldorfie, gdzie przekazywa\u0142 swoj\u0105 wiedz\u0119 i do\u015bwiadczenie, a tym samym wni\u00f3s\u0142 istotny wk\u0142ad w scen\u0119 artystyczn\u0105 swoich czas\u00f3w.","link":"https:\/\/collection.galerie-gerdes.com\/pl\/c\/artysci\/wilhelm-thelen-pl\/","name":"Wilhelm Thelen","slug":"wilhelm-thelen-pl","taxonomy":"product_cat","parent":10124,"meta":[],"_links":{"self":[{"href":"https:\/\/collection.galerie-gerdes.com\/pl\/wp-json\/wp\/v2\/product_cat\/10667","targetHints":{"allow":["GET"]}}],"collection":[{"href":"https:\/\/collection.galerie-gerdes.com\/pl\/wp-json\/wp\/v2\/product_cat"}],"about":[{"href":"https:\/\/collection.galerie-gerdes.com\/pl\/wp-json\/wp\/v2\/taxonomies\/product_cat"}],"up":[{"embeddable":true,"href":"https:\/\/collection.galerie-gerdes.com\/pl\/wp-json\/wp\/v2\/product_cat\/10124"}],"wp:post_type":[{"href":"https:\/\/collection.galerie-gerdes.com\/pl\/wp-json\/wp\/v2\/product?product_cat=10667"}],"curies":[{"name":"wp","href":"https:\/\/api.w.org\/{rel}","templated":true}]}}