{"id":10685,"count":0,"description":"Thomas Leitner, urodzony 7 marca 1876 r. w Altm\u00fcnster i zmar\u0142y 29 lipca 1948 r. w Wiedniu, by\u0142 znanym austriackim malarzem, kt\u00f3rego tw\u00f3rczo\u015b\u0107 odegra\u0142a znacz\u0105c\u0105 rol\u0119 w \u015bwiecie sztuki.\n\nLeitner rozpocz\u0105\u0142 swoj\u0105 karier\u0119 artystyczn\u0105 w 1893 roku w Akademii Wiede\u0144skiej, gdzie studiowa\u0142 pod okiem znanego malarza Franza Rumplera. Jego wyj\u0105tkowy talent i zaanga\u017cowanie zosta\u0142y docenione, gdy otrzyma\u0142 Nagrod\u0119 Rzymsk\u0105, kt\u00f3ra da\u0142a mu mo\u017cliwo\u015b\u0107 odbycia podr\u00f3\u017cy studyjnych do W\u0142och i Dalmacji w 1905 i 1906 roku. Podr\u00f3\u017ce te mia\u0142y ogromne znaczenie dla jego rozwoju artystycznego i zainspirowa\u0142y wiele jego dzie\u0142.\nW 1908 r. Thomas Leitner zosta\u0142 cz\u0142onkiem wiede\u0144skiego K\u00fcnstlerhaus, renomowanego stowarzyszenia artystycznego, gdzie regularnie wystawia\u0142 swoje prace i wyrobi\u0142 sobie mark\u0119 na scenie artystycznej. Podczas I wojny \u015bwiatowej Leitner wni\u00f3s\u0142 istotny wk\u0142ad jako malarz wojenny. W 1916 r. pracowa\u0142 w regionie Ortler, nast\u0119pnie w 1917 r. we wschodniej Galicji, a w 1918 r. w Kapodistrii i okolicach.\n\nW 1924 r. zorganizowa\u0142 niezwyk\u0142\u0105 wystaw\u0119 zbiorow\u0105 w renomowanej Galerii Holbein w Wiedniu, kt\u00f3ra w imponuj\u0105cy spos\u00f3b podkre\u015bli\u0142a jego talent i rozw\u00f3j artystyczny. Od oko\u0142o 1911 r. Thomas Leitner wybra\u0142 Waidhofen an der Thaya jako sw\u00f3j przybrany dom, gdzie w styczniu 1943 r. otrzyma\u0142 honorowe obywatelstwo w uznaniu jego zas\u0142ug i pracy artystycznej.\n\nJego wybitne obrazy \u201eDonaulandschaft in der Wachau\u201d i \u201eBergfrieden\u201d zosta\u0142y nabyte przez cesarza Franciszka J\u00f3zefa, a cesarz Karol r\u00f3wnie\u017c doceni\u0142 dzie\u0142o Leitnera. Dzi\u015b prace Thomasa Leitnera mo\u017cna znale\u017a\u0107 w presti\u017cowych kolekcjach, w tym w Belwederze w Wiedniu i Muzeum Krajowym Dolnej Austrii w St. P\u00f6lten. Jego spu\u015bcizna artystyczna \u017cyje wi\u0119c w wa\u017cnych kolekcjach sztuki i przyczynia si\u0119 do r\u00f3\u017cnorodno\u015bci kulturowej i dziedzictwa Austrii.","link":"https:\/\/collection.galerie-gerdes.com\/pl\/c\/artysci\/thomas-leitner-pl\/","name":"Thomas Leitner","slug":"thomas-leitner-pl","taxonomy":"product_cat","parent":10124,"meta":[],"_links":{"self":[{"href":"https:\/\/collection.galerie-gerdes.com\/pl\/wp-json\/wp\/v2\/product_cat\/10685","targetHints":{"allow":["GET"]}}],"collection":[{"href":"https:\/\/collection.galerie-gerdes.com\/pl\/wp-json\/wp\/v2\/product_cat"}],"about":[{"href":"https:\/\/collection.galerie-gerdes.com\/pl\/wp-json\/wp\/v2\/taxonomies\/product_cat"}],"up":[{"embeddable":true,"href":"https:\/\/collection.galerie-gerdes.com\/pl\/wp-json\/wp\/v2\/product_cat\/10124"}],"wp:post_type":[{"href":"https:\/\/collection.galerie-gerdes.com\/pl\/wp-json\/wp\/v2\/product?product_cat=10685"}],"curies":[{"name":"wp","href":"https:\/\/api.w.org\/{rel}","templated":true}]}}