{"id":10701,"count":0,"description":"Samuel Fr\u00e8re (1845-1931) by\u0142 wszechstronnie utalentowanym artyst\u0105 i intelektualist\u0105. Zas\u0142yn\u0105\u0142 zar\u00f3wno jako pisarz, jak i malarz, a szczeg\u00f3lnie znany by\u0142 ze swoich obraz\u00f3w pejza\u017cowych.\n\nW trakcie swojej kariery Samuel Fr\u00e8re odgrywa\u0142 wa\u017cn\u0105 rol\u0119 w spo\u0142eczno\u015bci artystycznej swojego rodzinnego regionu. By\u0142 przewodnicz\u0105cym Soci\u00e9t\u00e9 artistique de Normandie, stowarzyszenia zajmuj\u0105cego si\u0119 promocj\u0105 sztuki. By\u0142 tak\u017ce cz\u0142onkiem Acad\u00e9mie des sciences, belles-lettres et arts de Rouen, presti\u017cowej instytucji zajmuj\u0105cej si\u0119 naukami \u015bcis\u0142ymi, sztukami pi\u0119knymi i literatur\u0105.\n\nOpr\u00f3cz dzia\u0142alno\u015bci artystycznej Fr\u00e8re pracowa\u0142 r\u00f3wnie\u017c jako krytyk muzyczny dla \u201eJournal de Rouen\u201d, znanej gazety w Rouen. W tej roli przyczyni\u0142 si\u0119 do dyskusji i krytyki muzycznej w regionie.\n\nSamuel Fr\u00e8re urodzi\u0142 si\u0119 w rodzinie \u015bwiadomej sztuki i kultury. Jego ojciec, \u00c9douard Fr\u00e8re (1797-1874), i brat, Henri Fr\u00e8re (1836-1903), r\u00f3wnie\u017c byli aktywni w sztuce. Tradycja artystyczna i dziedzictwo kulturowe jego rodziny z pewno\u015bci\u0105 ukszta\u0142towa\u0142y jego karier\u0119 i r\u00f3\u017cnorodne zainteresowania.\n\nJego \u017cycie i praca pozostawi\u0142y trwa\u0142y \u015blad w artystycznym i kulturalnym krajobrazie Normandii i nie tylko.","link":"https:\/\/collection.galerie-gerdes.com\/pl\/c\/artysci\/samuel-frere-pl\/","name":"Samuel Fr\u00e8re","slug":"samuel-frere-pl","taxonomy":"product_cat","parent":10124,"meta":[],"_links":{"self":[{"href":"https:\/\/collection.galerie-gerdes.com\/pl\/wp-json\/wp\/v2\/product_cat\/10701","targetHints":{"allow":["GET"]}}],"collection":[{"href":"https:\/\/collection.galerie-gerdes.com\/pl\/wp-json\/wp\/v2\/product_cat"}],"about":[{"href":"https:\/\/collection.galerie-gerdes.com\/pl\/wp-json\/wp\/v2\/taxonomies\/product_cat"}],"up":[{"embeddable":true,"href":"https:\/\/collection.galerie-gerdes.com\/pl\/wp-json\/wp\/v2\/product_cat\/10124"}],"wp:post_type":[{"href":"https:\/\/collection.galerie-gerdes.com\/pl\/wp-json\/wp\/v2\/product?product_cat=10701"}],"curies":[{"name":"wp","href":"https:\/\/api.w.org\/{rel}","templated":true}]}}