{"id":1979,"count":0,"description":"Adam Brenner nasceu em Viena a 21 de dezembro de 1800 e morreu na mesma cidade a 22 de abril de 1891. Foi um respeitado pintor austr\u00edaco e entrou para a K\u00fcnstlerhaus de Viena em 1869. Recebeu a sua forma\u00e7\u00e3o na Academia de Belas-Artes de Viena sob a orienta\u00e7\u00e3o de L. Kupelwieser e G. F. Waldm\u00fcller. Inicialmente, especializou-se na pintura de cenas hist\u00f3ricas, dedicando-se mais tarde a retratos, naturezas mortas e cenas de g\u00e9nero.","link":"https:\/\/collection.galerie-gerdes.com\/pt-pt\/c\/artistas\/adam-brenner-pt-pt-2\/","name":"Adam BRENNER","slug":"adam-brenner-pt-pt-2","taxonomy":"product_cat","parent":1873,"meta":[],"_links":{"self":[{"href":"https:\/\/collection.galerie-gerdes.com\/pt-pt\/wp-json\/wp\/v2\/product_cat\/1979","targetHints":{"allow":["GET"]}}],"collection":[{"href":"https:\/\/collection.galerie-gerdes.com\/pt-pt\/wp-json\/wp\/v2\/product_cat"}],"about":[{"href":"https:\/\/collection.galerie-gerdes.com\/pt-pt\/wp-json\/wp\/v2\/taxonomies\/product_cat"}],"up":[{"embeddable":true,"href":"https:\/\/collection.galerie-gerdes.com\/pt-pt\/wp-json\/wp\/v2\/product_cat\/1873"}],"wp:post_type":[{"href":"https:\/\/collection.galerie-gerdes.com\/pt-pt\/wp-json\/wp\/v2\/product?product_cat=1979"}],"curies":[{"name":"wp","href":"https:\/\/api.w.org\/{rel}","templated":true}]}}