{"id":2349,"count":0,"description":"Alois J. Springer nasceu a 9 de abril de 1902 em Buchau e faleceu a 22 de fevereiro de 1971 em Erlenmoos. Foi um pintor alem\u00e3o de renome da Alta Su\u00e1bia, cuja obra art\u00edstica se caracterizou pela paisagem e pelas tradi\u00e7\u00f5es da sua terra natal.\n\nTendo crescido em Bad Buchau, Springer iniciou a sua carreira art\u00edstica com uma aprendizagem de pintura, seguida de estudos na Escola de Arte de Ulm, de 1924 a 1929. Ap\u00f3s a conclus\u00e3o dos estudos, trabalhou como artista gr\u00e1fico a partir de 1935 e manteve um atelier em Ravensburg, onde realizou os seus projectos art\u00edsticos.\n\nDurante a Segunda Guerra Mundial, Springer cumpriu o servi\u00e7o militar e fixou-se em Ravensburg ap\u00f3s a sua liberta\u00e7\u00e3o do cativeiro como prisioneiro de guerra em 1946. Dedicou-se a uma variedade de t\u00e9cnicas art\u00edsticas, incluindo pinturas a \u00f3leo, aguarelas, desenhos, xilogravuras, monotipos, esgrafitos e vitrais. As suas obras caracterizavam-se frequentemente por motivos religiosos ou cenas da sua terra natal, utilizando v\u00e1rias t\u00e9cnicas como a serigrafia e a mezzotinta.\n\nEmbora as obras de Springer tenham sido bem recebidas pelo p\u00fablico, n\u00e3o alcan\u00e7ou um grande sucesso de vendas. Em 1964, mudou-se para Erlenmoos, a terra natal da sua mulher Maria. A\u00ed, o seu estilo art\u00edstico muda de uma pintura de paisagem l\u00edrica e sonhadora para motivos coloridos e c\u00fabicos.\n\nSpringer encontrou na escritora Maria M\u00fcller-G\u00f6gler uma companheira e int\u00e9rprete das suas obras. A sua morte em 1971 deixou uma lacuna na cena art\u00edstica da Alta Su\u00e1bia. Em 1990, Kurt Diemer inaugurou uma exposi\u00e7\u00e3o no Fruchtkasten Ochsenhausen e homenageou a contribui\u00e7\u00e3o de Springer para a cena art\u00edstica, afirmando que a sua obra \u201cfar\u00e1 parte do patrim\u00f3nio art\u00edstico da Alta Su\u00e1bia\u201d.\n\nDesde 2016, partes do esp\u00f3lio de Springer est\u00e3o alojadas na ala norte do Oberes Tor em Rot an der Rot, um edif\u00edcio que foi originalmente constru\u00eddo para os guardas da Abadia Imperial de Rot an der Rot em 1714. Alois J. Springer permanece inesquec\u00edvel como um importante representante da cena art\u00edstica da Alta Su\u00e1bia e como um artista que captou a ess\u00eancia da paisagem da sua terra natal com o cora\u00e7\u00e3o.\n\nComparar: \nhttps:\/\/www.rot.de\/site\/Rot-an-der-Rot\/get\/documents_E707354448\/rot\/Mediathek_Rot\/Tourismus\/Alois%20Springer%20Brosch%C3%BCre.pdf","link":"https:\/\/collection.galerie-gerdes.com\/pt-pt\/c\/artistas\/alois-j-springer-pt-pt\/","name":"Alois J. Springer","slug":"alois-j-springer-pt-pt","taxonomy":"product_cat","parent":1873,"meta":[],"_links":{"self":[{"href":"https:\/\/collection.galerie-gerdes.com\/pt-pt\/wp-json\/wp\/v2\/product_cat\/2349","targetHints":{"allow":["GET"]}}],"collection":[{"href":"https:\/\/collection.galerie-gerdes.com\/pt-pt\/wp-json\/wp\/v2\/product_cat"}],"about":[{"href":"https:\/\/collection.galerie-gerdes.com\/pt-pt\/wp-json\/wp\/v2\/taxonomies\/product_cat"}],"up":[{"embeddable":true,"href":"https:\/\/collection.galerie-gerdes.com\/pt-pt\/wp-json\/wp\/v2\/product_cat\/1873"}],"wp:post_type":[{"href":"https:\/\/collection.galerie-gerdes.com\/pt-pt\/wp-json\/wp\/v2\/product?product_cat=2349"}],"curies":[{"name":"wp","href":"https:\/\/api.w.org\/{rel}","templated":true}]}}