{"id":7912,"count":0,"description":"Michel Wagner nasceu a 20 de dezembro de 1893 em Muschenried\/Oberpfalz e morreu a 3 de dezembro de 1965 em Munique. Foi um pintor e escultor alem\u00e3o, conhecido como membro do Juryfreie Kunstausstellung e do Neue Gruppe e \u00e9 considerado parte da Gera\u00e7\u00e3o Perdida.\n\nFilho do casal de agricultores Georg e Barbara Wagner, cresceu num ambiente rural, que mais tarde apareceu frequentemente como motivo nas suas obras. Aos 15 anos, deixou a quinta dos pais para come\u00e7ar uma aprendizagem como padeiro em Munique. A\u00ed come\u00e7ou tamb\u00e9m a fazer os seus primeiros desenhos e enviou alguns deles a Franz von Defregger, que os respondeu de forma encorajadora. Em 1910, Wagner partiu a p\u00e9 de Munique para Hamburgo, onde embarcou num navio de carga. Quando rebentou a Primeira Guerra Mundial, alistou-se na marinha.\n\nAp\u00f3s a guerra, em 1921, Wagner decidiu dedicar-se \u00e0 arte. Desenvolveu ainda mais as suas capacidades autodidactas, tornando-se aluno de Lovis Corinth e Stanislaus St\u00fcckgold. J\u00e1 em 1923, exp\u00f4s os seus trabalhos na exposi\u00e7\u00e3o anual de arte no Glaspalast de Munique. Seguiu-se uma viagem de estudo ao Brasil em 1923\/1924, que foi noticiada no K\u00f6lnische Volkszeitung. Ap\u00f3s o seu regresso, casou-se com a pintora Else S\u00e4ulen e fixou-se em Hohensch\u00e4ftlarn, perto de Munique.\n\nNa d\u00e9cada de 1930, Wagner foi particularmente ativo em exposi\u00e7\u00f5es, mas esta atividade terminou abruptamente ap\u00f3s a chegada ao poder dos nacional-socialistas. Ap\u00f3s a guerra, participou na primeira exposi\u00e7\u00e3o de pintura moderna na Baviera, \u201cPintores do Presente\u201d, no Schaezlerpalais em Augsburgo. As suas obras foram expostas em todas as zonas de ocupa\u00e7\u00e3o ocidental at\u00e9 1949. Nos anos seguintes, participou em v\u00e1rias exposi\u00e7\u00f5es colectivas na Alemanha e no estrangeiro.\n\nEm 1952, Wagner mudou-se com a sua mulher para Munique, onde faleceu um ano ap\u00f3s a sua morte. Deixou a sua casa em Hohensch\u00e4ftlarn \u00e0 Deutsche K\u00fcnstlerhilfe.\n\nWagner foi homenageado postumamente com o quadro \u201cSeilt\u00e4nzer\u201d na exposi\u00e7\u00e3o especial \u201cDrei Jahrzehnte Neue Gruppe\u201d na Gro\u00dfe Kunstausstellung M\u00fcnchen.\n\nAs suas obras foram apresentadas em numerosas exposi\u00e7\u00f5es, incluindo o Glaspalast em Munique, o Kunsthalle Bremen, a Secess\u00e3o de Berlim e a St\u00e4dtische Galerie em Munique. As suas obras encontram-se tamb\u00e9m em colec\u00e7\u00f5es p\u00fablicas, como a Bayerische Staatssammlung, a St\u00e4dtische Galerie im Lenbachhaus, a Galerie Neue Meister em Dresden e o museu de Richmond, Virg\u00ednia.","link":"https:\/\/collection.galerie-gerdes.com\/pt-pt\/c\/artistas\/michel-wagner-pt-pt\/","name":"Michel Wagner","slug":"michel-wagner-pt-pt","taxonomy":"product_cat","parent":1873,"meta":[],"_links":{"self":[{"href":"https:\/\/collection.galerie-gerdes.com\/pt-pt\/wp-json\/wp\/v2\/product_cat\/7912","targetHints":{"allow":["GET"]}}],"collection":[{"href":"https:\/\/collection.galerie-gerdes.com\/pt-pt\/wp-json\/wp\/v2\/product_cat"}],"about":[{"href":"https:\/\/collection.galerie-gerdes.com\/pt-pt\/wp-json\/wp\/v2\/taxonomies\/product_cat"}],"up":[{"embeddable":true,"href":"https:\/\/collection.galerie-gerdes.com\/pt-pt\/wp-json\/wp\/v2\/product_cat\/1873"}],"wp:post_type":[{"href":"https:\/\/collection.galerie-gerdes.com\/pt-pt\/wp-json\/wp\/v2\/product?product_cat=7912"}],"curies":[{"name":"wp","href":"https:\/\/api.w.org\/{rel}","templated":true}]}}