{"id":8987,"count":0,"description":"Rudolf B\u00f6ttger nasceu a 4 de julho de 1887 em Tachau e morreu a 28 de janeiro de 1973 em Regensburg. Foi um pintor austr\u00edaco cujas obras s\u00e3o conhecidas tanto pela sua qualidade art\u00edstica como pelo seu envolvimento nos acontecimentos pol\u00edticos do seu tempo.\n\nB\u00f6ttger iniciou a sua forma\u00e7\u00e3o art\u00edstica entre 1905 e 1910 na Academia de Belas Artes de Viena, sob a orienta\u00e7\u00e3o de Franz Rumpler e Alfred Cossmann. Ap\u00f3s uma curta estadia na Academia de Belas Artes de Munique em 1910, estabeleceu-se em Viena como artista independente em 1911.\n\nDurante a Primeira Guerra Mundial, serviu como oficial na R\u00fassia e sofreu v\u00e1rios ferimentos. Ap\u00f3s a guerra, tornou-se membro da Cooperativa de Artistas de Viena e participou em exposi\u00e7\u00f5es colectivas na K\u00fcnstlerhaus a partir de 1919.\n\nJ\u00e1 antes de 1938, B\u00f6ttger era membro ilegal do NSDAP, o que atribu\u00eda \u00e0 sua origem alem\u00e3 dos Sudetas. Ap\u00f3s a anexa\u00e7\u00e3o da \u00c1ustria, assumiu posi\u00e7\u00f5es de destaque na pol\u00edtica art\u00edstica e cultural do regime. Tornou-se respons\u00e1vel pela pintura no Conselho Cultural do Gau de Viena e assumiu tarefas de representa\u00e7\u00e3o, incluindo a participa\u00e7\u00e3o em recep\u00e7\u00f5es oferecidas pelo Gauleiter Baldur von Schirach. A sua qualidade de membro permitiu-lhe participar amplamente nas Grandes Exposi\u00e7\u00f5es de Arte Alem\u00e3 em Munique.\n\nB\u00f6ttger cultivou rela\u00e7\u00f5es estreitas com outras figuras culturais da \u00e9poca, incluindo Franz Karl Ginzkey, Josef Weinheber e Wilhelm Fra\u00df. Apesar da sua derrota na guerra e da destrui\u00e7\u00e3o do seu est\u00fadio e apartamento em Viena durante os combates contra o Ex\u00e9rcito Vermelho em 1945, B\u00f6ttger manteve-se fiel \u00e0s suas actividades no NSDAP e n\u00e3o se distanciou do seu envolvimento anterior, mesmo depois de 1945.\n\nAp\u00f3s a Segunda Guerra Mundial, B\u00f6ttger foi inicialmente levado para um hospital militar perto de Deggendorf e, mais tarde, para um hospital militar em Metten, devido aos seus ferimentos. A partir de 1948, foi oficialmente autorizado a viajar de novo para a \u00c1ustria e visitou regularmente amigos e conhecidos, que tamb\u00e9m retratou.\n\nNos anos 50, B\u00f6ttger passa muito tempo com a sua mecenas Ulla Ekman, na Su\u00e9cia. A partir de 1950, recebe cada vez mais encomendas de obras de arte em arquitetura na Alemanha, que lhe s\u00e3o organizadas por amigos arquitectos.\n\nEm 1952, B\u00f6ttger mudou-se para Regensburg, onde viveu at\u00e9 \u00e0 sua morte. Retirou-se da vida cultural p\u00fablica, pois j\u00e1 n\u00e3o sentia que as suas ideias art\u00edsticas fossem representadas.\n\nNos anos 60, B\u00f6ttger foi encarregado de projetar a igreja evang\u00e9lica de S. Paulo em Viena, apesar de ter sido proibido de exercer a sua profiss\u00e3o. As suas janelas, que representam Jesus como um jovem ariano e cont\u00eam imagens anti-semitas, foram posteriormente tapadas e substitu\u00eddas.\n\nB\u00f6ttger foi membro da Cooperativa de Artistas de Viena, da C\u00e2mara de Belas Artes do Reich e, mais tarde, da Associa\u00e7\u00e3o Profissional de Artistas Visuais de Regensburg, bem como da Cooperativa de Artistas Antigos de Munique. Participou em numerosas exposi\u00e7\u00f5es colectivas e individuais, incluindo a Bienal de Veneza em 1925 e as Grandes Exposi\u00e7\u00f5es de Arte Alem\u00e3 em Munique durante o Terceiro Reich.","link":"https:\/\/collection.galerie-gerdes.com\/pt-pt\/c\/artistas\/rudolf-boettger-pt-pt\/","name":"Rudolf B\u00f6ttger","slug":"rudolf-boettger-pt-pt","taxonomy":"product_cat","parent":1873,"meta":[],"_links":{"self":[{"href":"https:\/\/collection.galerie-gerdes.com\/pt-pt\/wp-json\/wp\/v2\/product_cat\/8987","targetHints":{"allow":["GET"]}}],"collection":[{"href":"https:\/\/collection.galerie-gerdes.com\/pt-pt\/wp-json\/wp\/v2\/product_cat"}],"about":[{"href":"https:\/\/collection.galerie-gerdes.com\/pt-pt\/wp-json\/wp\/v2\/taxonomies\/product_cat"}],"up":[{"embeddable":true,"href":"https:\/\/collection.galerie-gerdes.com\/pt-pt\/wp-json\/wp\/v2\/product_cat\/1873"}],"wp:post_type":[{"href":"https:\/\/collection.galerie-gerdes.com\/pt-pt\/wp-json\/wp\/v2\/product?product_cat=8987"}],"curies":[{"name":"wp","href":"https:\/\/api.w.org\/{rel}","templated":true}]}}