{"id":5969,"count":0,"description":"Felix Kieninger, care s-a n\u0103scut la Viena la 13 aprilie 1932 \u0219i \u0219i-a atins ultima p\u00e2nz\u0103 la 21 aprilie 2009, a l\u0103sat \u00een urm\u0103 o mo\u0219tenire de un rafinament artistic remarcabil. Compozi\u021biile sale cromatice amintesc \u00een mod inconfundabil de tehnica maestrului Paul C\u00e9zanne. Kieninger a st\u0103p\u00e2nit cu m\u0103iestrie regulile stabilite de pictorul francez. Cu toate acestea, a urmat o cale abstract\u0103 \u00een ceea ce prive\u0219te con\u021binutul, ceea ce a conferit operelor sale caracteristici proprii.\n\nDelicate\u021bea tip\u0103riturilor sale se \u00eembin\u0103 armonios cu vibra\u021bia paletei sale de culori. Aceste culori vibrante confer\u0103 peisajelor o not\u0103 muzical\u0103, f\u0103r\u0103 \u00eendoial\u0103 inspirat\u0103 de atmosfera cultural\u0103 a Vienei natale.","link":"https:\/\/collection.galerie-gerdes.com\/ro\/c\/artisti-ro\/felix-kieninger-ro\/","name":"Felix KIENINGER","slug":"felix-kieninger-ro","taxonomy":"product_cat","parent":1876,"meta":[],"_links":{"self":[{"href":"https:\/\/collection.galerie-gerdes.com\/ro\/wp-json\/wp\/v2\/product_cat\/5969","targetHints":{"allow":["GET"]}}],"collection":[{"href":"https:\/\/collection.galerie-gerdes.com\/ro\/wp-json\/wp\/v2\/product_cat"}],"about":[{"href":"https:\/\/collection.galerie-gerdes.com\/ro\/wp-json\/wp\/v2\/taxonomies\/product_cat"}],"up":[{"embeddable":true,"href":"https:\/\/collection.galerie-gerdes.com\/ro\/wp-json\/wp\/v2\/product_cat\/1876"}],"wp:post_type":[{"href":"https:\/\/collection.galerie-gerdes.com\/ro\/wp-json\/wp\/v2\/product?product_cat=5969"}],"curies":[{"name":"wp","href":"https:\/\/api.w.org\/{rel}","templated":true}]}}