{"id":6562,"count":0,"description":"Hans Hunziker (1927-1987) a fost un pictor elve\u021bian cunoscut pentru lucr\u0103rile sale \u00een acuarel\u0103, pictur\u0103 \u00een ulei \u0219i serigrafie.\n\nN\u0103scut \u0219i crescut la Zurich, Hunziker \u0219i-a completat preg\u0103tirea la \u0218coala de Arte \u0219i Meserii din Zurich \u0219i la \u0219coala de art\u0103 a artistului Henri Wabel din Zurich. \u0218i-a continuat studiile la \u201eGrande Chaumi\u00e8re\u201d din Paris, unde \u0219i-a dezvoltat stilul s\u0103u caracteristic, pe care l-a p\u0103strat p\u00e2n\u0103 la sf\u00e2r\u0219itul vie\u021bii sale. Hunziker a studiat, de asemenea, la Academia Liber\u0103 din Haga.\n\nHunziker a cunoscut o etap\u0103 important\u0103 \u00een dezvoltarea sa artistic\u0103 \u00een timpul c\u0103l\u0103toriilor sale prin Europa, pe care le-a \u00eentreprins pe jos. A mers pe jos de la Hamburg la Marsilia, iar mai t\u00e2rziu a c\u0103l\u0103torit prin Italia \u0219i Fran\u021ba. A petrecut patru ani la Paris, unde a locuit \u00een fostele apartamente ale lui Hemingway \u0219i Miller \u0219i a lucrat timp de trei ani cu Jean Tinguely.\n\n\u00cen anii 1970, Hunziker a locuit timp de patru ani la ferma Mettlen din Bichwil, \u00eempreun\u0103 cu familia sa, format\u0103 din so\u021bia sa Sylvia Hunziker-Laubscher \u0219i fiicele sale Nathalie \u0219i Claudia, precum \u0219i numeroase animale. Dup\u0103 ce a suferit un atac de cord, s-a mutat la Elvissa, pe insula Ibiza din Insulele Baleare, la sf\u00e2r\u0219itul anilor 1970. Peisajul din Ibiza s-a reg\u0103sit \u00een lucr\u0103rile sale artistice, la fel ca \u0219i peisajele din sudul Fran\u021bei \u0219i din estul Elve\u021biei. Stilul s\u0103u de pictur\u0103 a fost influen\u021bat de Vincent van Gogh \u0219i Lovis Corinth, prin care tablourile sale se remarc\u0103 prin intensitatea deosebit\u0103 a culorilor \u0219i eman\u0103 un sentiment de calm \u0219i senin\u0103tate.\n\nPe l\u00e2ng\u0103 pictur\u0103, Hans Hunziker a fost activ \u0219i \u00een domeniul muzicii jazz. A fost membru al forma\u021biei \u201eTrester Seven\u201d \u0219i al \u201ePorridge Brass Band\u201d, care a fost condus\u0103 de profesorul Marthaler \u0219i a c\u00e2ntat la primul festival de jazz din Zurich.","link":"https:\/\/collection.galerie-gerdes.com\/ro\/c\/artisti-ro\/hans-hunziker-ro\/","name":"Hans HUNZIKER","slug":"hans-hunziker-ro","taxonomy":"product_cat","parent":1876,"meta":[],"_links":{"self":[{"href":"https:\/\/collection.galerie-gerdes.com\/ro\/wp-json\/wp\/v2\/product_cat\/6562","targetHints":{"allow":["GET"]}}],"collection":[{"href":"https:\/\/collection.galerie-gerdes.com\/ro\/wp-json\/wp\/v2\/product_cat"}],"about":[{"href":"https:\/\/collection.galerie-gerdes.com\/ro\/wp-json\/wp\/v2\/taxonomies\/product_cat"}],"up":[{"embeddable":true,"href":"https:\/\/collection.galerie-gerdes.com\/ro\/wp-json\/wp\/v2\/product_cat\/1876"}],"wp:post_type":[{"href":"https:\/\/collection.galerie-gerdes.com\/ro\/wp-json\/wp\/v2\/product?product_cat=6562"}],"curies":[{"name":"wp","href":"https:\/\/api.w.org\/{rel}","templated":true}]}}