{"id":9220,"count":0,"description":"Otto Kirchner, n\u0103scut la 15 martie 1887 la Eckartshausen (Werneck) \u0219i decedat la M\u00fcnchen \u00een 1960, a fost unul dintre cei mai importan\u021bi pictori germani de portrete \u0219i genuri din epoca sa.\n\nKirchner \u0219i-a \u00eenceput cariera artistic\u0103 \u00een 1908\/09 la o \u0219coal\u0103 privat\u0103 de desen din D\u00fcsseldorf. Pentru a-\u0219i dezvolta \u00een continuare talentul, \u0219i-a continuat studiile \u00een Italia \u00eentre 1910 \u0219i 1911 \u0219i, \u00een cele din urm\u0103, \u00eentre 1912 \u0219i 1914, la renumita Academie de Arte Frumoase din M\u00fcnchen, sub \u00eendrumarea lui Martin Feuerstein, un pictor de frunte \u00een domeniul religios la acea vreme.\n\nDup\u0103 \u00eencheierea Primului R\u0103zboi Mondial, Kirchner s-a concentrat \u00een principal pe picturi de gen de format mic. Lucr\u0103ri precum \u201eB\u0103tr\u00e2n citind o scrisoare cu un stilou dup\u0103 ureche\u201d, \u201ePortretul unui \u021b\u0103ran a\u0219ezat \u00een costum tradi\u021bional\u201d, \u201eCardinalul care cite\u0219te\u201d \u0219i \u201eB\u0103utor de vin cu o \u021bigar\u0103\u201d stau m\u0103rturie a m\u0103iestriei sale \u00een ceea ce prive\u0219te diversele subiecte \u0219i a capacit\u0103\u021bii sale de a portretiza via\u021ba de zi cu zi cu sensibilitate.\n\nPicturile lui Kirchner au fost recunoscute pe scar\u0103 larg\u0103 \u0219i au fost expuse, printre altele, \u00een renumitul Glaspalast din M\u00fcnchen, ceea ce i-a consolidat \u0219i mai mult reputa\u021bia de pictor remarcabil. Opera sa r\u0103m\u00e2ne un capitol important \u00een istoria artei germane din secolul XX.","link":"https:\/\/collection.galerie-gerdes.com\/ro\/c\/artisti-ro\/otto-kirchner-ro\/","name":"Otto Kirchner","slug":"otto-kirchner-ro","taxonomy":"product_cat","parent":1876,"meta":[],"_links":{"self":[{"href":"https:\/\/collection.galerie-gerdes.com\/ro\/wp-json\/wp\/v2\/product_cat\/9220","targetHints":{"allow":["GET"]}}],"collection":[{"href":"https:\/\/collection.galerie-gerdes.com\/ro\/wp-json\/wp\/v2\/product_cat"}],"about":[{"href":"https:\/\/collection.galerie-gerdes.com\/ro\/wp-json\/wp\/v2\/taxonomies\/product_cat"}],"up":[{"embeddable":true,"href":"https:\/\/collection.galerie-gerdes.com\/ro\/wp-json\/wp\/v2\/product_cat\/1876"}],"wp:post_type":[{"href":"https:\/\/collection.galerie-gerdes.com\/ro\/wp-json\/wp\/v2\/product?product_cat=9220"}],"curies":[{"name":"wp","href":"https:\/\/api.w.org\/{rel}","templated":true}]}}