{"id":1975,"count":0,"description":"Adam Brenner sa narodil 21. decembra 1800 vo Viedni a zomrel 22. apr\u00edla 1891 v tom istom meste. Bol uzn\u00e1van\u00fdm rak\u00faskym maliarom a v roku 1869 nast\u00fapil do viedensk\u00e9ho K\u00fcnstlerhausu. Vzdelanie z\u00edskal na viedenskej Akad\u00e9mii v\u00fdtvarn\u00fdch umen\u00ed pod veden\u00edm L. Kupelwiesera a G. F. Waldm\u00fcllera. Spo\u010diatku sa \u0161pecializoval na ma\u013eovanie historick\u00fdch v\u00fdjavov, nesk\u00f4r sa \u010doraz viac venoval portr\u00e9tom, z\u00e1ti\u0161iam a \u017e\u00e1nrov\u00fdm sc\u00e9nam.","link":"https:\/\/collection.galerie-gerdes.com\/sk\/c\/umelci-sk\/adam-brenner-sk-2\/","name":"Adam BRENNER","slug":"adam-brenner-sk-2","taxonomy":"product_cat","parent":1875,"meta":[],"_links":{"self":[{"href":"https:\/\/collection.galerie-gerdes.com\/sk\/wp-json\/wp\/v2\/product_cat\/1975","targetHints":{"allow":["GET"]}}],"collection":[{"href":"https:\/\/collection.galerie-gerdes.com\/sk\/wp-json\/wp\/v2\/product_cat"}],"about":[{"href":"https:\/\/collection.galerie-gerdes.com\/sk\/wp-json\/wp\/v2\/taxonomies\/product_cat"}],"up":[{"embeddable":true,"href":"https:\/\/collection.galerie-gerdes.com\/sk\/wp-json\/wp\/v2\/product_cat\/1875"}],"wp:post_type":[{"href":"https:\/\/collection.galerie-gerdes.com\/sk\/wp-json\/wp\/v2\/product?product_cat=1975"}],"curies":[{"name":"wp","href":"https:\/\/api.w.org\/{rel}","templated":true}]}}