{"id":2219,"count":0,"description":"Alfred Herbert Georg Seidel sa narodil 1. novembra 1913 v Breslau. Po tragickej strate otca Otta v prvej svetovej vojne sa spolu s matkou Mariou a sestrou Helenou pres\u0165ahoval do ich hornosliezskeho domu v Scharley alebo Deutsch-Piekar. Alfred Seidel tam str\u00e1vil svoje detstvo v bl\u00edzkosti uho\u013en\u00fdch pol\u00ed v bl\u00edzkosti vtedaj\u0161ej hranice s Rusk\u00fdm imp\u00e9riom.\n\nVyrastal pod doh\u013eadom dvoch tiet a matkinho povolania. Prostredie charakterizovali malome\u0161tiacke hodnoty a hlboko zakorenen\u00fd katolicizmus. Seidel bol v roku 1920 zap\u00edsan\u00fd na z\u00e1kladn\u00fa \u0161kolu v Deutsch-Piekar a v roku 1924 prest\u00fapil na re\u00e1lne gymn\u00e1zium v Beuthene. Tam pozorn\u00fd u\u010dite\u013e kreslenia rozpoznal jeho talent a podporoval ho. Seidel sa od \u00fatleho veku c\u00edtil pri\u0165ahovan\u00fd k umeleckej tvorbe.\n\nKr\u00e1tko pred maturitou v roku 1933 opustil re\u00e1lne gymn\u00e1zium a 2. novembra 1933 sa za\u010dal vzdel\u00e1va\u0165 ako divadeln\u00fd maliar. Nasledovalo anga\u017em\u00e1n ako divadeln\u00fd maliar v hornosliezskom Landestheater v Beuthene a nesk\u00f4r ako prv\u00fd divadeln\u00fd maliar a ved\u00faci \u0161t\u00fadia v Stadttheater v Salzburgu.\n\nPo\u010das druhej svetovej vojny bol Seidel dvakr\u00e1t povolan\u00fd a zranen\u00fd. Napriek strate prav\u00e9ho oka sa jeho umeleck\u00e9 povolanie uk\u00e1zalo ako neotrasite\u013en\u00e9. Vytvoril mno\u017estvo graf\u00edk, kresieb, malieb v r\u00f4znych technik\u00e1ch, ako aj vitr\u00e1\u017ee a sochy. Jeho celo\u017eivotn\u00fd z\u00e1ujem o literat\u00faru sa prejavil v jeho ilustr\u00e1ci\u00e1ch a liter\u00e1rnych dielach.\n\nPo prepusten\u00ed z americk\u00e9ho zajatia v roku 1945 na\u0161iel Seidel nov\u00fd domov najprv v Sillenbuchu a od roku 1954 v Schorndorfe. Dlh\u00e9 roky bol \u010dlenom Esslingensk\u00e9ho umeleck\u00e9ho spolku. Alfred Seidel zomrel 20. novembra 2001 v Schorndorfe, zanechal po sebe man\u017eelku Elisabeth a tri deti Susanne, Matthiasa a Christopha. V roku 2017 jeho dedi\u010dia odk\u00e1zali v\u00e4\u010d\u0161inu jeho diel mestu Schorndorf.\n\nAlfred Seidel ilustroval mnoho rozpr\u00e1vok, najm\u00e4 na za\u010diatku svojej kari\u00e9ry, a povojnov\u00e9 roky mu pon\u00fakli ide\u00e1lne pole p\u00f4sobnosti s nov\u00fdmi vydaniami klasick\u00fdch rozpr\u00e1vok. Medzi pr\u00edklady jeho ilustr\u00e1ci\u00ed patria diela od Andersena, bratov Grimmovcov, Agnes Sapperovej a Tamary Ramsayovej. Nesk\u00f4r sa venoval aj ilustrovaniu rom\u00e1nov vr\u00e1tane diel Egona H. Raketteho.\n\nOkrem toho samostatne a bez konkr\u00e9tnych objedn\u00e1vok vytv\u00e1ral grafiky na liter\u00e1rne t\u00e9my, ktor\u00e9 zostavoval do tzv. grafick\u00fdch cyklov. Tie sa zaoberaj\u00fa dielami Dostojevsk\u00e9ho, Tolst\u00e9ho, Moli\u00e9ra, Williama Shakespeara a Friedricha D\u00fcrrenmatta, ako aj grafikami pre \u010dasopisy a kalend\u00e1re.\n\nPo\u010das svojho tvoriv\u00e9ho obdobia vytvoril mno\u017estvo diel v r\u00f4znych technik\u00e1ch, ako s\u00fa olejoma\u013eby, linoryty a akvarely. Jeho ob\u013e\u00faben\u00fdm n\u00e1metom boli n\u00e1bo\u017eensk\u00e9 alebo mytologick\u00e9 mot\u00edvy, ako aj portr\u00e9ty z jeho profesion\u00e1lneho a osobn\u00e9ho prostredia. Krajinky boli sk\u00f4r v\u00fdnimkou.\n\nOd roku 1957 Seidel \u010doraz \u010dastej\u0161ie navrhoval verejn\u00e9 priestory, najm\u00e4 umeleck\u00e9 interi\u00e9ry katol\u00edckych kostolov. Pre rottenbursko\u0161tuttgartsk\u00fa diec\u00e9zu vytvoril n\u00e1stenn\u00e9 mozaiky, olt\u00e1re, tabern\u00e1kul\u00e1, kl\u00e1\u0161tory a po\u010detn\u00e9 vitr\u00e1\u017ee.\n\nNez\u00e1visle od z\u00e1kaziek nap\u00edsal Alfred Seidel aj s\u00e9riu dr\u00e1m a poviedok s r\u00f4znymi t\u00e9mami, ako napr\u00edklad \u201eKri\u0161tof Kolumbus\u201c, \u201eKonradin, posledn\u00fd Hohenstaufen\u201c, \u201eSchwund des Religi\u00f6sen\u201c, \u201eErbschaftsbetrug\u201c a \u201eWege der Selbsterkenntnis\u201c. Jeho poviedky sa zameriavaj\u00fa najm\u00e4 na jeho detstvo a mlados\u0165 v Hornom Sliezsku, ako aj na rodinn\u00e9 z\u00e1\u017eitky a stretnutia.\n\nV roku 1981 bol Alfredovi Georgovi Seidelovi za jeho umeleck\u00fa tvorbu udelen\u00fd Rad za z\u00e1sluhy Spolkovej republiky Nemecko.","link":"https:\/\/collection.galerie-gerdes.com\/sk\/c\/umelci-sk\/alfred-seidel-sk\/","name":"Alfred Seidel","slug":"alfred-seidel-sk","taxonomy":"product_cat","parent":1875,"meta":[],"_links":{"self":[{"href":"https:\/\/collection.galerie-gerdes.com\/sk\/wp-json\/wp\/v2\/product_cat\/2219","targetHints":{"allow":["GET"]}}],"collection":[{"href":"https:\/\/collection.galerie-gerdes.com\/sk\/wp-json\/wp\/v2\/product_cat"}],"about":[{"href":"https:\/\/collection.galerie-gerdes.com\/sk\/wp-json\/wp\/v2\/taxonomies\/product_cat"}],"up":[{"embeddable":true,"href":"https:\/\/collection.galerie-gerdes.com\/sk\/wp-json\/wp\/v2\/product_cat\/1875"}],"wp:post_type":[{"href":"https:\/\/collection.galerie-gerdes.com\/sk\/wp-json\/wp\/v2\/product?product_cat=2219"}],"curies":[{"name":"wp","href":"https:\/\/api.w.org\/{rel}","templated":true}]}}