{"id":3921,"count":0,"description":"J\u00e1n Mudroch (28. marca 1909 Senice - 4. febru\u00e1ra 1968 Bratislava) bol slovensk\u00fd maliar a pedag\u00f3g. Jeden z najv\u00fdznamnej\u0161\u00edch umelcov slovenskej moderny.\n\nV rokoch 1931 a\u017e 1937 \u0161tudoval na Akad\u00e9mii v\u00fdtvarn\u00fdch umen\u00ed v Prahe. Ako \u0161tudent sa tam stretol s najv\u00fdznamnej\u0161\u00edmi predstavite\u013emi gener\u00e1cie 1909. V roku 1937 sa vr\u00e1til na Slovensko. Vyu\u010doval na \u0160kole umeleck\u00fdch remesiel. Bol jedn\u00fdm zo slovensk\u00fdch umelcov, ktor\u00ed reagovali na hr\u00f4zy \u0161panielskej ob\u010dianskej vojny. Od roku 1939 predn\u00e1\u0161al na Katedre kreslenia Slovenskej vysokej \u0161koly technickej v Bratislave. V roku 1941 v\u0161ak pre svoje antifa\u0161istick\u00e9 n\u00e1zory prestal u\u010di\u0165 a bol vyl\u00fa\u010den\u00fd zo Zv\u00e4zu slovensk\u00fdch v\u00fdtvarn\u00fdch umelcov. Po\u010das druhej svetovej vojny bol \u010dasto umelecky i \u013eudsky kritizovan\u00fd za svoje otvoren\u00e9 protivojnov\u00e9 n\u00e1zory. V roku 1946 bol vymenovan\u00fd za profesora na Katedre kreslenia a ma\u013eovania SV\u0160T a nesk\u00f4r na Pedagogickej fakulte Slovenskej univerzity. V roku 1950 bol vymenovan\u00fd za rektora novozalo\u017eenej Vysokej \u0161koly v\u00fdtvarn\u00fdch umen\u00ed v Bratislave. Podie\u013eal sa aj na vzniku Slovenskej n\u00e1rodnej gal\u00e9rie.\n\nPodie\u013eal sa na tvorbe odborn\u00fdch \u010dasopisov a surrealistick\u00fdch zborn\u00edkov (Sen a skuto\u010dnos\u0165). Ma\u013eoval preva\u017ene olejom na pl\u00e1tno. S\u00fastredil sa najm\u00e4 na figur\u00e1lnu ma\u013ebu a z\u00e1ti\u0161ia, pri\u010dom vyu\u017e\u00edval metafory a symboly. Pred vojnou ma\u013eoval soci\u00e1lne anga\u017eovan\u00e9 a pochm\u00farne obrazy (Zavra\u017eden\u00fd b\u00e1snik, Katastrofa) a vidiecke n\u00e1mety (Krava). Jeho vrcholn\u00e9 diela poch\u00e1dzaj\u00fa z obdobia druhej svetovej vojny (Ne\u0161\u0165astie). Po vojne bol pre neho charakteristick\u00fd \u0161t\u00fdl poetick\u00e9ho realizmu (Matka s die\u0165a\u0165om na chrbte, Materstvo, Le\u017eiace diev\u010da).\n\nV roku 1963 mu bol udelen\u00fd titul zasl\u00fa\u017eil\u00fd umelec a v roku 1968 sa stal n\u00e1rodn\u00fdm umelcom.","link":"https:\/\/collection.galerie-gerdes.com\/sk\/c\/umelci-sk\/jan-mudroch-sk\/","name":"J\u00e1n MUDROCH","slug":"jan-mudroch-sk","taxonomy":"product_cat","parent":1875,"meta":[],"_links":{"self":[{"href":"https:\/\/collection.galerie-gerdes.com\/sk\/wp-json\/wp\/v2\/product_cat\/3921","targetHints":{"allow":["GET"]}}],"collection":[{"href":"https:\/\/collection.galerie-gerdes.com\/sk\/wp-json\/wp\/v2\/product_cat"}],"about":[{"href":"https:\/\/collection.galerie-gerdes.com\/sk\/wp-json\/wp\/v2\/taxonomies\/product_cat"}],"up":[{"embeddable":true,"href":"https:\/\/collection.galerie-gerdes.com\/sk\/wp-json\/wp\/v2\/product_cat\/1875"}],"wp:post_type":[{"href":"https:\/\/collection.galerie-gerdes.com\/sk\/wp-json\/wp\/v2\/product?product_cat=3921"}],"curies":[{"name":"wp","href":"https:\/\/api.w.org\/{rel}","templated":true}]}}