{"id":4355,"count":0,"description":"K\u00e4te Schaller-H\u00e4rlin, roden\u00e1 H\u00e4rlin, (* 19. okt\u00f3ber 1877, Mangalore, Karn\u00e1taka, India; \u2020 9. m\u00e1j 1973, Stuttgart-Rotenberg; cel\u00fdm menom Katharina Maria Schaller-H\u00e4rlin) bola nemeck\u00e1 maliarka zn\u00e1ma svojimi portr\u00e9tmi, z\u00e1ti\u0161iami a monument\u00e1lnymi kostoln\u00fdmi ma\u013ebami.\n\nH\u00e4rlinov\u00e1 bola \u0161tvrt\u00fdm z \u00f4smich det\u00ed protestantsk\u00e9ho pastora a mision\u00e1ra v Indii Emmericha H\u00e4rlina a jeho man\u017eelky Anny H\u00e4rlinovej, rodenej Nastovej. Vyrastala v Gruibingene. Jej mlad\u0161ou sestrou bola keramik\u00e1rka Dorkas Reinacher-H\u00e4rlinov\u00e1.\n\nH\u00e4rlinov\u00e1 nav\u0161tevovala stredn\u00fa \u0161kolu svojho str\u00fdka v G\u00f6ppingene, H\u00e4rlinsche T\u00f6chterinstitut. Okolo roku 1893 za\u010dala \u0161tudova\u0165 na Umelecko-remeselnej \u0161kole v Stuttgarte u Magdal\u00e9ny Schweizerovej. Vo W\u00fcrttembergischer Malerinnenverein sa u\u010dila kresli\u0165 akt u Rudolfa Jelina star\u0161ieho. V rokoch 1900 a\u017e 1904 \u0161tudovala na Damenakademie des M\u00fcnchner K\u00fcnstlerinnenverein a svoje prv\u00e9 ilustr\u00e1cie uverejnila v \u010dasopisoch Jugend a Meggendorfer Bl\u00e4tter. Jej \u0161tudijn\u00e9 cesty viedli do Talianska a Franc\u00fazska.\n\nV letnom semestri roku 1909 absolvovala hodiny u Adolfa H\u00f6lzela na Kr\u00e1\u013eovskej akad\u00e9mii v\u00fdtvarn\u00fdch umen\u00ed v Stuttgarte. V roku 1911 sa vydala za stuttgartsk\u00e9ho historika umenia a obchodn\u00edka s umen\u00edm Hansa Otta Schallera, s ktor\u00fdm mala dc\u00e9ru Sibylle. Hans Otto Schaller padol pred Ypres v roku 1917.\n\nSchaller-H\u00e4rlin bola zn\u00e1ma predov\u0161etk\u00fdm ako portr\u00e9tistka a v\u010faka rozsiahlej sieti sa dok\u00e1zala u\u017eivi\u0165 a vychova\u0165 dc\u00e9ru. Ma\u013eovala portr\u00e9ty mnoh\u00fdch zn\u00e1mych osobnost\u00ed vr\u00e1tane Theodora Heussa a Elisabeth Mannovej.\n\nV roku 1944 bol jej dom a ateli\u00e9r v Stuttgarte zni\u010den\u00fd, na\u010do sa pres\u0165ahovala do Eschachu. V roku 1950 sa pres\u0165ahovala do vily Schaller na Rotenbergu v Stuttgarte, kde \u017eila a\u017e do svojej smrti. K\u00e4te Schaller-H\u00e4rlinov\u00e1 ma\u013eovala do vysok\u00e9ho veku najm\u00e4 z\u00e1ti\u0161ia.\n\nSpolu s kostoln\u00fdm architektom Martinom Elsaesserom vytvorila n\u00e1stenn\u00e9 a sklenen\u00e9 ma\u013eby pre r\u00f4zne protestantsk\u00e9 kostoly vo W\u00fcrttembersku, napr\u00edklad pre protestantsk\u00fd farsk\u00fd kostol v Stuttgarte-Gaisburgu (1913), protestantsk\u00fd kostol sv\u00e4t\u00e9ho Martina v Oberesslingene (1918), protestantsk\u00fd kostol sv\u00e4t\u00e9ho Bla\u017eeja v Holzelfingene (1909), protestantsk\u00fd Lutherov kostol v Baden-Badene Lichtental (1907 a 1910) a Eberhardskirche v T\u00fcbingene (1911).\n\nJej tvorba zah\u0155\u0148a ilustr\u00e1cie, n\u00e1stenn\u00e9 sakr\u00e1lne ma\u013eby a ma\u013eby na sklo, portr\u00e9ty, z\u00e1ti\u0161ia a krajinoma\u013eby. \u0160t\u00fadium Giotta vo Florencii formovalo jej monument\u00e1lny maliarsky \u0161t\u00fdl, ktor\u00fd \u010derpal zo secesn\u00e9ho maliarstva a neust\u00e1le sa modernizoval v\u010faka stretnutiam s dielami Henriho Matissa, Mauricea Denisa a Paula C\u00e9zanna. Ako \u017eena zohr\u00e1vala k\u013e\u00fa\u010dov\u00fa \u00falohu v oblasti sakr\u00e1lneho dizajnu stien a okien.\n\nHrob K\u00e4te Schaller-H\u00e4rlin sa nach\u00e1dza na Pra\u017eskom cintor\u00edne v Stuttgarte.","link":"https:\/\/collection.galerie-gerdes.com\/sk\/c\/umelci-sk\/kathe-harlin-sk\/","name":"K\u00e4the H\u00e4rlin","slug":"kathe-harlin-sk","taxonomy":"product_cat","parent":1875,"meta":[],"_links":{"self":[{"href":"https:\/\/collection.galerie-gerdes.com\/sk\/wp-json\/wp\/v2\/product_cat\/4355","targetHints":{"allow":["GET"]}}],"collection":[{"href":"https:\/\/collection.galerie-gerdes.com\/sk\/wp-json\/wp\/v2\/product_cat"}],"about":[{"href":"https:\/\/collection.galerie-gerdes.com\/sk\/wp-json\/wp\/v2\/taxonomies\/product_cat"}],"up":[{"embeddable":true,"href":"https:\/\/collection.galerie-gerdes.com\/sk\/wp-json\/wp\/v2\/product_cat\/1875"}],"wp:post_type":[{"href":"https:\/\/collection.galerie-gerdes.com\/sk\/wp-json\/wp\/v2\/product?product_cat=4355"}],"curies":[{"name":"wp","href":"https:\/\/api.w.org\/{rel}","templated":true}]}}