{"id":5128,"count":0,"description":"Eugen Kucher nebol oby\u010dajn\u00fdm umelcom, ktor\u00fd by bol zachytil o\u010daruj\u00facu krajinu svojej vlasti farbami a o\u017eivil ju na pl\u00e1tne.\n\nKucher sa narodil 12. augusta 1889 v Enzweihingene, idylickom mieste ne\u010faleko Vaihingenu\/Enzu, a jeho talent bol rozpoznan\u00fd ve\u013emi skoro. Vplyv jeho otca, majstra \u0161tukat\u00e9ra, a podpora jeho brata Wilhelma, uzn\u00e1van\u00e9ho maliarskeho majstra, mu vydl\u00e1\u017edili cestu k umeleckej kari\u00e9re.\n\nPo skon\u010den\u00ed \u0161koly ho cesta zaviedla do sveta farieb a \u0165ahov \u0161tetca ako u\u010d\u0148a svojho o dvan\u00e1s\u0165 rokov star\u0161ieho brata. Osud mu v\u0161ak pripravil v\u00e4\u010d\u0161ie veci. V novembri 1910 na\u0161iel Kucher svoj osud ako javiskov\u00fd maliar v Kr\u00e1\u013eovskom dvornom divadle v Stuttgarte. Tam rozv\u00edjal svoj talent a vytv\u00e1ral kulisy, ktor\u00e9 podnecovali predstavivos\u0165 div\u00e1kov.\n\nAj po nepokojoch prvej svetovej vojny zostal Kucher vern\u00fd svojmu remeslu a vr\u00e1til sa do Stuttgartu, kde na\u0161iel domov u svojej milovanej Mathilde a jej rodiny na L\u00f6wenstra\u00dfe 83. Svoj umeleck\u00fd talent nenechal odpo\u010d\u00edva\u0165 a obyvate\u013eom Degerlochu poskytoval krajinoma\u013eby, ktor\u00e9 zachyt\u00e1vali kr\u00e1su pr\u00edrody v jej naj\u010distej\u0161ej podobe.\n\nOsud v\u0161ak mal nabra\u0165 smutn\u00fd sp\u00e1d. D\u0148a 12. apr\u00edla 1945 sa Kucher po\u010das v\u00fdletu do Aalenu stal obe\u0165ou ni\u010div\u00e9ho spojeneck\u00e9ho n\u00e1letu v malej v\u00fd\u0161ke. Jeho \u017eivot sa skon\u010dil pr\u00edli\u0161 skoro, ale jeho odkaz \u017eije \u010falej v srdciach t\u00fdch, ktor\u00ed obdivuj\u00fa jeho umenie.\n\nV zlat\u00fdch rokoch 20. a 30. rokov 20. storo\u010dia Kucher \u010dasto nach\u00e1dzal \u00fato\u010disko a in\u0161pir\u00e1ciu u rodiny Emila Hamma v Obermusbachu. St\u00e1l na malebn\u00fdch svahoch so \u0161tetcom v ruke a zve\u010dnil kr\u00e1su Obermusbachu na pl\u00e1tne na ve\u010dn\u00e9 \u010dasy.","link":"https:\/\/collection.galerie-gerdes.com\/sk\/c\/umelci-sk\/eugen-kucher-sk\/","name":"Eugen Kucher","slug":"eugen-kucher-sk","taxonomy":"product_cat","parent":1875,"meta":[],"_links":{"self":[{"href":"https:\/\/collection.galerie-gerdes.com\/sk\/wp-json\/wp\/v2\/product_cat\/5128","targetHints":{"allow":["GET"]}}],"collection":[{"href":"https:\/\/collection.galerie-gerdes.com\/sk\/wp-json\/wp\/v2\/product_cat"}],"about":[{"href":"https:\/\/collection.galerie-gerdes.com\/sk\/wp-json\/wp\/v2\/taxonomies\/product_cat"}],"up":[{"embeddable":true,"href":"https:\/\/collection.galerie-gerdes.com\/sk\/wp-json\/wp\/v2\/product_cat\/1875"}],"wp:post_type":[{"href":"https:\/\/collection.galerie-gerdes.com\/sk\/wp-json\/wp\/v2\/product?product_cat=5128"}],"curies":[{"name":"wp","href":"https:\/\/api.w.org\/{rel}","templated":true}]}}