{"id":5972,"count":0,"description":"Felix Kieninger, ktor\u00fd sa narodil 13. apr\u00edla 1932 vo Viedni a 21. apr\u00edla 2009 sa naposledy dotkol svojho pl\u00e1tna, zanechal po sebe pozoruhodn\u00fd umeleck\u00fd odkaz. Jeho farebn\u00e9 kompoz\u00edcie nezamenite\u013ene pripom\u00ednaj\u00fa techniku majstra Paula C\u00e9zanna. Kieninger ovl\u00e1dal pravidl\u00e1 stanoven\u00e9 franc\u00fazskym maliarom s majstrovskou jemnos\u0165ou. Obsahovo sa v\u0161ak uberal abstraktnou cestou, ktor\u00e1 dala jeho dielam vlastn\u00e9 charakteristiky.\n\nJemnos\u0165 jeho graf\u00edk sa harmonicky sn\u00fabi so \u017eivos\u0165ou jeho farebnej palety. Tieto \u017eiariv\u00e9 farby dod\u00e1vaj\u00fa krajink\u00e1m hudobn\u00fd n\u00e1dych, nepochybne in\u0161pirovan\u00fd kult\u00farnou atmosf\u00e9rou jeho rodnej Viedne.","link":"https:\/\/collection.galerie-gerdes.com\/sk\/c\/umelci-sk\/felix-kieninger-sk\/","name":"Felix KIENINGER","slug":"felix-kieninger-sk","taxonomy":"product_cat","parent":1875,"meta":[],"_links":{"self":[{"href":"https:\/\/collection.galerie-gerdes.com\/sk\/wp-json\/wp\/v2\/product_cat\/5972","targetHints":{"allow":["GET"]}}],"collection":[{"href":"https:\/\/collection.galerie-gerdes.com\/sk\/wp-json\/wp\/v2\/product_cat"}],"about":[{"href":"https:\/\/collection.galerie-gerdes.com\/sk\/wp-json\/wp\/v2\/taxonomies\/product_cat"}],"up":[{"embeddable":true,"href":"https:\/\/collection.galerie-gerdes.com\/sk\/wp-json\/wp\/v2\/product_cat\/1875"}],"wp:post_type":[{"href":"https:\/\/collection.galerie-gerdes.com\/sk\/wp-json\/wp\/v2\/product?product_cat=5972"}],"curies":[{"name":"wp","href":"https:\/\/api.w.org\/{rel}","templated":true}]}}